{"id":4681,"date":"2018-04-06T13:49:01","date_gmt":"2018-04-06T18:49:01","guid":{"rendered":"http:\/\/derechosinfronteras.pe\/?p=3630"},"modified":"2018-04-06T13:49:01","modified_gmt":"2018-04-06T18:49:01","slug":"pronunciamiento-exigimos-el-esclarecimiento-por-el-uso-desmedido-de-la-fuerza-y-la-violencia-en-contra-de-ciudadanas-os-de-alto-huarca-por-parte-de-la-pnp-y-la-empresa-minera-glencore-en-espinar","status":"publish","type":"post","link":"https:\/\/derechosinfronteras.pe\/ingles\/pronunciamiento-exigimos-el-esclarecimiento-por-el-uso-desmedido-de-la-fuerza-y-la-violencia-en-contra-de-ciudadanas-os-de-alto-huarca-por-parte-de-la-pnp-y-la-empresa-minera-glencore-en-espinar\/","title":{"rendered":"PRONUNCIAMIENTO: Exigimos el esclarecimiento por el uso desmedido de la fuerza y la violencia en contra de ciudadanas\/os de Alto Huarca por parte de la PNP y la empresa minera Glencore en Espinar.\u00a0"},"content":{"rendered":"<p style=\"text-align: justify;\"><a href=\"https:\/\/www.facebook.com\/derechossinfronteras.pe\/videos\/1588077197977469\/\" target=\"_blank\" rel=\"noopener\">Frente a los hechos de violencia sucedidos en la comunidad campesina de Alto Huarca<\/a> de la provincia de Espinar manifestamos lo siguiente:<\/p>\n<p style=\"text-align: justify;\">\u00b7 El 03 de abril del a\u00f1o en curso, en la comunidad campesina de Alto Huarca de la provincia de Espinar, donde se realiz\u00f3 una intervenci\u00f3n policial ordenada por la Fiscal Adjunta de Espinar Delia Avenda\u00f1o Yucra, seg\u00fan oficio N\u00b0 546-2018-MP-FPP-ESPINAR, de la misma fecha, solicit\u00f3 al Comandante de la Comisaria de Espinar, que se designe a siete (07) efectivos policiales en el d\u00eda; a fin de que se \u201crestablezca el orden\u201d, en la Comunidad de Alto Huarca, cerca al proyecto de la minera Antapaccay en la v\u00eda Nacional.<\/p>\n<p style=\"text-align: justify;\">\u00b7 Sin embargo, la intervenci\u00f3n se realiz\u00f3 con un promedio de cuarenta (40) efectivos policiales y personal de seguridad privada de la empresa, as\u00ed como ocho funcionarios, personal de relaciones comunitarias y abogados de la empresa minera junto con maquinarias pesadas, que se hicieron presentes en la comunidad de Alto Huarca, con la aparente finalidad de desalojar del territorio de la comunidad a las familias que all\u00ed viven.<\/p>\n<p style=\"text-align: justify;\">\u00b7 La intervenci\u00f3n Fiscal tiene que responder a hechos reales. El no haber cumplido con este deber ha g<a href=\"https:\/\/www.facebook.com\/derechossinfronteras.pe\/posts\/1587002468084942\" target=\"_blank\" rel=\"noopener\">enerado abusos como en el caso de la se\u00f1ora Francisca Umasi<\/a>, posesionaria directa y comunera, quien junto a sus hijas, nietas y familiares (08 personas), sufrieron agresiones f\u00edsicas y psicol\u00f3gicas (golpes, patadas, insultos y amenazas), que terminaron por desmayar a la se\u00f1ora Francisca, una mujer de 70 a\u00f1os de edad quien sufri\u00f3 dichas agresiones por el solo hecho de resistirse a firmar un documento.<\/p>\n<p style=\"text-align: justify;\">\u00b7 Por estas consideraciones condenamos estos hechos y exigimos a las autoridades competentes que se ordene iniciar las investigaciones penales por el supuesto delito de abuso de autoridad, prevaricato y coacci\u00f3n, contra las autoridades que se han excedido en sus funciones m\u00e1s all\u00e1 de las atribuciones que la ley les faculta, y se sancione a los responsables. Esto ocurre por la inacci\u00f3n y pasividad de un Estado que permite la celebraci\u00f3n de convenios entre la PNP y las empresas mineras, que ocasionan abusos como el ocurrido en Espinar.<\/p>\n<p style=\"text-align: justify;\">Finalmente, los suscritos nos solidarizamos con las v\u00edctimas de este nuevo accionar de violencia en contra de poblaciones que solo defienden sus derechos al territorio, al agua y a la vida.<\/p>\n<p style=\"text-align: right;\">Cusco, 05 de abril del 2018.<\/p>\n<div class=\"fb-video\" data-allowfullscreen=\"true\" data-href=\"https:\/\/www.facebook.com\/derechossinfronteras.pe\/videos\/1588077197977469\/\" style=\"background-color: #fff; display: inline-block;\"><\/div>","protected":false},"excerpt":{"rendered":"<p>Frente a los hechos de violencia sucedidos en la comunidad campesina de Alto Huarca de la provincia de Espinar manifestamos lo siguiente: \u00b7 El 03 de abril del a\u00f1o en curso, en la comunidad campesina de Alto Huarca de la provincia de Espinar, donde se realiz\u00f3 una intervenci\u00f3n policial ordenada por la Fiscal Adjunta de [&hellip;]<\/p>\n","protected":false},"author":1,"featured_media":0,"comment_status":"closed","ping_status":"open","sticky":false,"template":"","format":"standard","meta":{"_monsterinsights_skip_tracking":false,"_monsterinsights_sitenote_active":false,"_monsterinsights_sitenote_note":"","_monsterinsights_sitenote_category":0,"_jetpack_memberships_contains_paid_content":false,"footnotes":"","jetpack_publicize_message":"","jetpack_publicize_feature_enabled":true,"jetpack_social_post_already_shared":false,"jetpack_social_options":{"image_generator_settings":{"template":"highway","default_image_id":0,"font":"","enabled":false},"version":2}},"categories":[1],"tags":[],"class_list":["post-4681","post","type-post","status-publish","format-standard","hentry","category-sin-categoria"],"blocksy_meta":[],"jetpack_publicize_connections":[],"jetpack_featured_media_url":"","jetpack_sharing_enabled":true,"jetpack_likes_enabled":true,"_links":{"self":[{"href":"https:\/\/derechosinfronteras.pe\/ingles\/wp-json\/wp\/v2\/posts\/4681","targetHints":{"allow":["GET"]}}],"collection":[{"href":"https:\/\/derechosinfronteras.pe\/ingles\/wp-json\/wp\/v2\/posts"}],"about":[{"href":"https:\/\/derechosinfronteras.pe\/ingles\/wp-json\/wp\/v2\/types\/post"}],"author":[{"embeddable":true,"href":"https:\/\/derechosinfronteras.pe\/ingles\/wp-json\/wp\/v2\/users\/1"}],"replies":[{"embeddable":true,"href":"https:\/\/derechosinfronteras.pe\/ingles\/wp-json\/wp\/v2\/comments?post=4681"}],"version-history":[{"count":0,"href":"https:\/\/derechosinfronteras.pe\/ingles\/wp-json\/wp\/v2\/posts\/4681\/revisions"}],"wp:attachment":[{"href":"https:\/\/derechosinfronteras.pe\/ingles\/wp-json\/wp\/v2\/media?parent=4681"}],"wp:term":[{"taxonomy":"category","embeddable":true,"href":"https:\/\/derechosinfronteras.pe\/ingles\/wp-json\/wp\/v2\/categories?post=4681"},{"taxonomy":"post_tag","embeddable":true,"href":"https:\/\/derechosinfronteras.pe\/ingles\/wp-json\/wp\/v2\/tags?post=4681"}],"curies":[{"name":"wp","href":"https:\/\/api.w.org\/{rel}","templated":true}]}}