{"id":4684,"date":"2018-03-28T17:31:35","date_gmt":"2018-03-28T22:31:35","guid":{"rendered":"http:\/\/derechosinfronteras.pe\/?p=3609"},"modified":"2018-03-28T17:31:35","modified_gmt":"2018-03-28T22:31:35","slug":"espinar-es-necesario-contrastar-informacion-de-los-estudios-de-calidad-ambiental-en-las-cuencas-del-salado-y-el-canipia","status":"publish","type":"post","link":"https:\/\/derechosinfronteras.pe\/ingles\/espinar-es-necesario-contrastar-informacion-de-los-estudios-de-calidad-ambiental-en-las-cuencas-del-salado-y-el-canipia\/","title":{"rendered":"#ESPINAR: ES NECESARIO CONTRASTAR INFORMACI\u00d3N DE LOS ESTUDIOS DE CALIDAD AMBIENTAL EN LAS CUENCAS DEL SALADO Y EL CA\u00d1IPIA"},"content":{"rendered":"<h4 style=\"text-align: center;\"><strong>Derechos Humanos Sin Fronteras present\u00f3 el documento \u201cAn\u00e1lisis de los monitoreos ambientales en Espinar de OEFA, ANA y Municipio de Espinar 2012-2015\u201d<\/strong><\/h4>\n<p style=\"text-align: justify;\">La organizaci\u00f3n <strong>Derechos Humanos Sin Fronteras (DHSF)<\/strong> present\u00f3 este martes 27 de marzo del presente a\u00f1o el documento de \u201cAn\u00e1lisis de los monitoreos ambientales de aguas superficiales y subterr\u00e1neas de Espinar\u201d, un informe que fue elaborado a partir de los monitoreos que desarroll\u00f3 la Autoridad Nacional del Agua &#8211; ANA, el Organismo de Evaluaci\u00f3n y Fiscalizaci\u00f3n\u00a0 Ambiental &#8211; OEFA y las contras muestras de la Municipalidad Provincial de Espinar (MPE) entre los a\u00f1os 2012 y 2015.<\/p>\n<blockquote>\n<p style=\"text-align: justify;\"><em>El evento se llev\u00f3 a cabo en el auditorio de la MPE y lleg\u00f3 a conglomerar alrededor de cien ciudadanas y ciudadanos espinarenses, entre las instituciones que estuvieron presentes, se encontr\u00f3 el gerente de la municipalidad provincial, Carl Valdivia, dirigentes del Frente \u00danico de Defensa de los Intereses de Espinar (FUDIE), el Frente de Defensa de los Regantes de las Microcuencas del Ca\u00f1ipia Espinar (FREDERMICE) y pobladores de las comunidades de Alto Huancane, Huisa, Alto Huarca, entre otros.<\/em><\/p>\n<\/blockquote>\n<p style=\"text-align: justify;\"><img fetchpriority=\"high\" decoding=\"async\" class=\"aligncenter size-full wp-image-3611\" src=\"http:\/\/derechosinfronteras.pe\/wp-content\/uploads\/2018\/03\/1.jpg\" alt=\"\" width=\"800\" height=\"600\" \/>Un resumen del documento fue entregado a todas y todos los participantes, la exposici\u00f3n del an\u00e1lisis estuvo a cargo de Jaime Borda, Yovana Mamani y Jorge Casanova, todos\u00a0 integrantes del equipo de DHSF; ah\u00ed se indic\u00f3 que el objetivo del informe es <strong>mostrar los resultado de an\u00e1lisis de los monito\u00adreos ambientales de aguas superficiales y subterr\u00e1nea de Espinar, <\/strong>as\u00ed como \u00a0evidenciar los puntos cr\u00edticos que sobrepasan los Est\u00e1ndares de Calidad Ambiental para aguas superficiales.<\/p>\n<p style=\"text-align: justify;\"><span style=\"color: #000000;\"><strong>Uno de los temas que resalt\u00f3 en el di\u00e1logo con la poblaci\u00f3n espinarense es la necesidad de impulsar las Contra Muestras, en paralelo a los estudios realizados por ANA y OEFA, y en laboratorios acreditados; una experiencia que ya fue replicada en el a\u00f1o 2013 por la MPE.<\/strong> <\/span>En aquella ocasi\u00f3n los resultados de las contra muestras fueron arsenio, cadmio y mercurio con valores diferentes a los conseguidos por las instituciones del Estado. Se indic\u00f3 que esta experiencia puede ser replicada bajo la disposici\u00f3n de las instituciones y organizaciones sociales de Espinar, ya que permite contar con calidad de informaci\u00f3n y nos acerca a tener datos m\u00e1s certeros sobre nuestra calidad ambiental.<\/p>\n<blockquote>\n<p style=\"text-align: justify;\"><em><strong>Por \u00faltimo se ratific\u00f3 el compromiso de la ciudadan\u00eda para estar en constaste vigilancia frente a los proyectos de exploraci\u00f3n minera, caso Quechua en las cabeceras de cuenca del Rio Ca\u00f1ipia y el Proyecto minero Coroccohuayco en la cabeceras de cuenca del Rio Salado.<\/strong><\/em><\/p>\n<p><img decoding=\"async\" class=\"size-full wp-image-3615 aligncenter\" src=\"http:\/\/derechosinfronteras.pe\/wp-content\/uploads\/2018\/03\/29572849_1578740568911132_2984952569303054509_n.jpg\" alt=\"\" width=\"595\" height=\"842\" \/><\/p><\/blockquote>","protected":false},"excerpt":{"rendered":"<p>Derechos Humanos Sin Fronteras present\u00f3 el documento \u201cAn\u00e1lisis de los monitoreos ambientales en Espinar de OEFA, ANA y Municipio de Espinar 2012-2015\u201d La organizaci\u00f3n Derechos Humanos Sin Fronteras (DHSF) present\u00f3 este martes 27 de marzo del presente a\u00f1o el documento de \u201cAn\u00e1lisis de los monitoreos ambientales de aguas superficiales y subterr\u00e1neas de Espinar\u201d, un informe [&hellip;]<\/p>\n","protected":false},"author":1,"featured_media":4685,"comment_status":"closed","ping_status":"open","sticky":false,"template":"","format":"standard","meta":{"_monsterinsights_skip_tracking":false,"_monsterinsights_sitenote_active":false,"_monsterinsights_sitenote_note":"","_monsterinsights_sitenote_category":0,"_jetpack_memberships_contains_paid_content":false,"footnotes":"","jetpack_publicize_message":"","jetpack_publicize_feature_enabled":true,"jetpack_social_post_already_shared":false,"jetpack_social_options":{"image_generator_settings":{"template":"highway","default_image_id":0,"font":"","enabled":false},"version":2}},"categories":[1],"tags":[],"class_list":["post-4684","post","type-post","status-publish","format-standard","has-post-thumbnail","hentry","category-sin-categoria"],"blocksy_meta":[],"jetpack_publicize_connections":[],"jetpack_featured_media_url":"https:\/\/derechosinfronteras.pe\/wp-content\/uploads\/2018\/03\/3.jpg","jetpack_sharing_enabled":true,"jetpack_likes_enabled":true,"_links":{"self":[{"href":"https:\/\/derechosinfronteras.pe\/ingles\/wp-json\/wp\/v2\/posts\/4684","targetHints":{"allow":["GET"]}}],"collection":[{"href":"https:\/\/derechosinfronteras.pe\/ingles\/wp-json\/wp\/v2\/posts"}],"about":[{"href":"https:\/\/derechosinfronteras.pe\/ingles\/wp-json\/wp\/v2\/types\/post"}],"author":[{"embeddable":true,"href":"https:\/\/derechosinfronteras.pe\/ingles\/wp-json\/wp\/v2\/users\/1"}],"replies":[{"embeddable":true,"href":"https:\/\/derechosinfronteras.pe\/ingles\/wp-json\/wp\/v2\/comments?post=4684"}],"version-history":[{"count":0,"href":"https:\/\/derechosinfronteras.pe\/ingles\/wp-json\/wp\/v2\/posts\/4684\/revisions"}],"wp:featuredmedia":[{"embeddable":true,"href":"https:\/\/derechosinfronteras.pe\/ingles\/wp-json\/wp\/v2\/media\/4685"}],"wp:attachment":[{"href":"https:\/\/derechosinfronteras.pe\/ingles\/wp-json\/wp\/v2\/media?parent=4684"}],"wp:term":[{"taxonomy":"category","embeddable":true,"href":"https:\/\/derechosinfronteras.pe\/ingles\/wp-json\/wp\/v2\/categories?post=4684"},{"taxonomy":"post_tag","embeddable":true,"href":"https:\/\/derechosinfronteras.pe\/ingles\/wp-json\/wp\/v2\/tags?post=4684"}],"curies":[{"name":"wp","href":"https:\/\/api.w.org\/{rel}","templated":true}]}}