{"id":4692,"date":"2018-03-22T10:38:02","date_gmt":"2018-03-22T15:38:02","guid":{"rendered":"http:\/\/derechosinfronteras.pe\/?p=3596"},"modified":"2018-03-22T10:38:02","modified_gmt":"2018-03-22T15:38:02","slug":"dia-mundial-del-agua-comunidades-de-espinar-se-articulan-para-defender-sus-recursos-hidricos","status":"publish","type":"post","link":"https:\/\/derechosinfronteras.pe\/ingles\/dia-mundial-del-agua-comunidades-de-espinar-se-articulan-para-defender-sus-recursos-hidricos\/","title":{"rendered":"D\u00eda mundial del agua: Comunidades de Espinar se articulan para defender sus recursos h\u00eddricos"},"content":{"rendered":"<div class=\"fb-video\" data-allowfullscreen=\"true\" data-href=\"https:\/\/www.facebook.com\/derechossinfronteras.pe\/videos\/1572093756242480\/\" style=\"background-color: #fff; display: inline-block;\"><\/div>\n<p style=\"text-align: right;\"><strong>Fredy Choquemallco<\/strong><br \/>\n<strong>\u00c1rea Derechos Colectivos y Medio Ambiente, DHSF<\/strong><\/p>\n<p style=\"text-align: justify;\">El programa de monitoreo ambiental comunitario se viene impulsando en muchos territorios de la Sierra y la Selva del Per\u00fa, donde concurren operaciones de extracci\u00f3n minera y petrolera. Un programa de monitoreo ambiental comunitario involucra a la poblaci\u00f3n interesada a vigilar el cumplimiento de los compromisos socio ambientales asumidos por las empresas operadoras de estos proyectos en territorios comunales y\/o ind\u00edgenas. Este tipo de experiencias se vienen desarrollando en muchos departamentos del Per\u00fa, como: Cajamarca, Libertad, Puno y Cusco; y a nivel de Latinoam\u00e9rica en: Bolivia, Colombia, Ecuador y Chile.<\/p>\n<p style=\"text-align: justify;\">Desde el a\u00f1o 2014, en la provincia de Espinar departamento del Cusco, gracias a la iniciativa y acompa\u00f1amiento de Derechos Humanos sin Fronteras, se viene impulsando un programa de vigilancia y monitoreo ambiental comunitario en la cuenca Ca\u00f1ipia. En este proceso, vienen participando comunidades campesinas y estudiantes, que se dedican a vigilar y monitorean el agua con un equipo port\u00e1til de la GWW<sup>1<\/sup>, observando la cantidad y calidad del agua.<\/p>\n<p style=\"text-align: justify;\">En la zona se viene desarrollando las operaciones de la compa\u00f1\u00eda minera Antapaccay S.A, y se han realizado diferentes estudios de parte de los organismos estatales de fiscalizaci\u00f3n y monitoreo ambiental. Estos monitoreos, que a veces tambi\u00e9n realiza la empresa minera, no terminan siendo certeros, o se oculta informaci\u00f3n, por ello es importante\u00a0que se promueva la experiencia desde las comunidades y poder contrarrestar informaci\u00f3n. Uno de los hallazgos en el transcurso de vigilancia, que se observ\u00f3 en el a\u00f1o 2016, entre los meses de junio a setiembre, fue la escasez de agua en la zona media de la Cuenca, surgiendo preocupaci\u00f3n para las comunidades campesinas. Y a partir del mes de julio del 2017 se observ\u00f3 que, en la zona media de la cuenca, los par\u00e1metros fisicoqu\u00edmicos, eran elevados respecto a los a\u00f1os anteriores, este cambio probablemente sea a ra\u00edz de los vertimientos de las aguas industriales de la empresa minera Antapaccay autorizado por la ANA<sup>2<\/sup>.<\/p>\n<p style=\"text-align: justify;\">Las agua tratadas que se vierten al rio Ca\u00f1ipia de 100 a 350 litros por segundo provenientes de los tajos Norte y Sur, estas aguas a pesar de cumplir con las normas ambientales, no garantiza de que siempre lo cumplan, requiere una estricta vigilancia (m\u00ednimo, monitoreos<br \/>\nmensuales del agua), es aqu\u00ed donde desempe\u00f1an un rol importante los monitores ambientales comunitario que vigilan y monitorean el agua permanentemente cuando las entidades competentes solo eval\u00faan y supervisan una a dos veces m\u00e1ximo por a\u00f1o.<\/p>\n<p style=\"text-align: justify;\">En ese escenario donde existe actividades extractivas dentro de los territorios comunales y\/o ind\u00edgenas, el gobierno y la empresa deber\u00eda promover y apoyar estas iniciativas de participaci\u00f3n de la poblaci\u00f3n, esto contribuir\u00eda en dos aspectos: primero que los reportes de los monitores comunitarios y\/o ind\u00edgenas servir\u00edan como informaci\u00f3n de primera alerta para que la entidades ambientales del estado mejoren sus trabajos de evaluaci\u00f3n y fiscalizaci\u00f3n ambiental, y segundo se lograr\u00eda procesos m\u00e1s participativos entre las entidades ambientales, empresa y poblaci\u00f3n alcanzando trabajos articulados con transparencia y confianza mutua.<\/p>\n<p style=\"text-align: justify;\">Los retos y desaf\u00edos del programa de vigilancia y monitoreo ambiental comunitario y\/o ind\u00edgena es que sean reconocidos por el gobierno en cualquiera de sus niveles, y las empresas acepten y apoyen estas experiencias de vigilancia de los compromisos ambientales asumidos, tanto por el Estado, c\u00f3mo por las empresas extractivas. Que no se vea estas experiencias como sin\u00f3nimo de \u201ccontradicci\u00f3n a la miner\u00eda\u201d, al contrario, sea una oportunidad de involucramiento de participaci\u00f3n comunitaria y\/o ind\u00edgena, que contribuyen en el sistema nacional de gesti\u00f3n ambiental del estado y el derecho de vivir en un ambiente equilibrado y sano\u2022<\/p>\n<hr \/>\n<p>1 Global Water Watch, Observatorio mundial del agua, un programa que articula a nivel mundial entre los pa\u00edses de; M\u00e9xico, Argentina, Bolivia, Kenya, Brasil, Ecuador, EE.UU. y Per\u00fa.<br \/>\n2 La autoridad Nacional del Agua (ANA), mediante la R.D. N\u00b0 131-2017- ANA-DGCRH. Le otorg\u00f3 a la COMPA\u00d1\u00cdA MINERA ANTAPACCAY S.A., autorizaci\u00f3n de vertimiento de aguas residuales industriales (aguas subterr\u00e1neas y escorrent\u00edas contactadas) tratadas, provenientes de los tajos Norte y Sur, conducidos a la Planta de Tratamiento de Aguas.<\/p>","protected":false},"excerpt":{"rendered":"<p>Fredy Choquemallco \u00c1rea Derechos Colectivos y Medio Ambiente, DHSF El programa de monitoreo ambiental comunitario se viene impulsando en muchos territorios de la Sierra y la Selva del Per\u00fa, donde concurren operaciones de extracci\u00f3n minera y petrolera. Un programa de monitoreo ambiental comunitario involucra a la poblaci\u00f3n interesada a vigilar el cumplimiento de los compromisos [&hellip;]<\/p>\n","protected":false},"author":1,"featured_media":4693,"comment_status":"closed","ping_status":"open","sticky":false,"template":"","format":"standard","meta":{"_monsterinsights_skip_tracking":false,"_monsterinsights_sitenote_active":false,"_monsterinsights_sitenote_note":"","_monsterinsights_sitenote_category":0,"_jetpack_memberships_contains_paid_content":false,"footnotes":"","jetpack_publicize_message":"","jetpack_publicize_feature_enabled":true,"jetpack_social_post_already_shared":false,"jetpack_social_options":{"image_generator_settings":{"template":"highway","default_image_id":0,"font":"","enabled":false},"version":2}},"categories":[1],"tags":[],"class_list":["post-4692","post","type-post","status-publish","format-standard","has-post-thumbnail","hentry","category-sin-categoria"],"blocksy_meta":[],"jetpack_publicize_connections":[],"jetpack_featured_media_url":"https:\/\/derechosinfronteras.pe\/wp-content\/uploads\/2018\/03\/Monitores-Ambientales-e1521732319145.jpg","jetpack_sharing_enabled":true,"jetpack_likes_enabled":true,"_links":{"self":[{"href":"https:\/\/derechosinfronteras.pe\/ingles\/wp-json\/wp\/v2\/posts\/4692","targetHints":{"allow":["GET"]}}],"collection":[{"href":"https:\/\/derechosinfronteras.pe\/ingles\/wp-json\/wp\/v2\/posts"}],"about":[{"href":"https:\/\/derechosinfronteras.pe\/ingles\/wp-json\/wp\/v2\/types\/post"}],"author":[{"embeddable":true,"href":"https:\/\/derechosinfronteras.pe\/ingles\/wp-json\/wp\/v2\/users\/1"}],"replies":[{"embeddable":true,"href":"https:\/\/derechosinfronteras.pe\/ingles\/wp-json\/wp\/v2\/comments?post=4692"}],"version-history":[{"count":0,"href":"https:\/\/derechosinfronteras.pe\/ingles\/wp-json\/wp\/v2\/posts\/4692\/revisions"}],"wp:featuredmedia":[{"embeddable":true,"href":"https:\/\/derechosinfronteras.pe\/ingles\/wp-json\/wp\/v2\/media\/4693"}],"wp:attachment":[{"href":"https:\/\/derechosinfronteras.pe\/ingles\/wp-json\/wp\/v2\/media?parent=4692"}],"wp:term":[{"taxonomy":"category","embeddable":true,"href":"https:\/\/derechosinfronteras.pe\/ingles\/wp-json\/wp\/v2\/categories?post=4692"},{"taxonomy":"post_tag","embeddable":true,"href":"https:\/\/derechosinfronteras.pe\/ingles\/wp-json\/wp\/v2\/tags?post=4692"}],"curies":[{"name":"wp","href":"https:\/\/api.w.org\/{rel}","templated":true}]}}