{"id":4694,"date":"2018-03-21T10:43:21","date_gmt":"2018-03-21T15:43:21","guid":{"rendered":"http:\/\/derechosinfronteras.pe\/?p=3593"},"modified":"2018-03-21T10:43:21","modified_gmt":"2018-03-21T15:43:21","slug":"pronunciamiento-exigimos-renuncia-inmediata-del-presidente-de-la-republica-pedro-pablo-kuczynski","status":"publish","type":"post","link":"https:\/\/derechosinfronteras.pe\/ingles\/pronunciamiento-exigimos-renuncia-inmediata-del-presidente-de-la-republica-pedro-pablo-kuczynski\/","title":{"rendered":"Pronunciamiento: Exigimos renuncia inmediata del Presidente de la Rep\u00fablica Pedro Pablo Kuczynski"},"content":{"rendered":"<p style=\"text-align: justify;\"><strong>La Coordinadora Nacional de Derechos Humanos -CNDDHH-<\/strong> ante la<span class=\"text_exposed_show\">s im\u00e1genes difundidas el d\u00eda de hoy exige la renuncia inmediata del presidente <strong>Pedro Pablo Kuczynski<\/strong> y de todas y todos los congresistas y autoridades pol\u00edticas implicados en los actos delictivos de evidente compra de votos contra de la vacancia presidencial.<\/span><\/p>\n<div class=\"text_exposed_show\">\n<p style=\"text-align: justify;\">Horas previas al debate en el que se votar\u00e1 por segunda vez en el Congreso de la Rep\u00fablica el proceso de vacancia del Presidente de la Rep\u00fablica, los actos mostrados en el video en menci\u00f3n evidencian la compra de votos en el anterior proceso de vacancia a cambio del indulto ilegal de <strong>Alberto Fujimori Fujimori<\/strong> y ratifican la nula solvencia moral del actual Presidente para ocupar tal cargo que le confiamos las y los ciudadanos en el a\u00f1o 2016.<\/p>\n<p style=\"text-align: justify;\">Como sostuvimos desde que se hicieron p\u00fablicas las primeras denuncias e investigaciones fiscales sobre el esc\u00e1ndalo de Lavajato, que comprometen a los cuatro \u00faltimos presidentes democr\u00e1ticamente electos e incluye a la ex-candidata <strong>Keiko Fujimori<\/strong> y su partido, no podemos ni debemos seguir tolerando ninguna forma de corrupci\u00f3n ya que esta contin\u00faa carcomiendo nuestro Estado, golpeando nuestra fr\u00e1gil democracia y violando los derechos humanos. Por todo esto exigimos la renuncia inmediata del Presidente de la Rep\u00fablica, <strong>Pedro Pablo Kuczynski<\/strong>, y que este sea investigado, procesado y sancionado.<\/p>\n<p style=\"text-align: right;\">20 de marzo de 2018<\/p>\n<\/div>","protected":false},"excerpt":{"rendered":"<p>La Coordinadora Nacional de Derechos Humanos -CNDDHH- ante las im\u00e1genes difundidas el d\u00eda de hoy exige la renuncia inmediata del presidente Pedro Pablo Kuczynski y de todas y todos los congresistas y autoridades pol\u00edticas implicados en los actos delictivos de evidente compra de votos contra de la vacancia presidencial. Horas previas al debate en el [&hellip;]<\/p>\n","protected":false},"author":1,"featured_media":4695,"comment_status":"closed","ping_status":"open","sticky":false,"template":"","format":"standard","meta":{"_monsterinsights_skip_tracking":false,"_monsterinsights_sitenote_active":false,"_monsterinsights_sitenote_note":"","_monsterinsights_sitenote_category":0,"_jetpack_memberships_contains_paid_content":false,"footnotes":"","jetpack_publicize_message":"","jetpack_publicize_feature_enabled":true,"jetpack_social_post_already_shared":false,"jetpack_social_options":{"image_generator_settings":{"template":"highway","default_image_id":0,"font":"","enabled":false},"version":2}},"categories":[1],"tags":[],"class_list":["post-4694","post","type-post","status-publish","format-standard","has-post-thumbnail","hentry","category-sin-categoria"],"blocksy_meta":[],"jetpack_publicize_connections":[],"jetpack_featured_media_url":"https:\/\/derechosinfronteras.pe\/wp-content\/uploads\/2018\/03\/29389406_1668576249892802_7642097986230550528_n.jpg","jetpack_sharing_enabled":true,"jetpack_likes_enabled":true,"_links":{"self":[{"href":"https:\/\/derechosinfronteras.pe\/ingles\/wp-json\/wp\/v2\/posts\/4694","targetHints":{"allow":["GET"]}}],"collection":[{"href":"https:\/\/derechosinfronteras.pe\/ingles\/wp-json\/wp\/v2\/posts"}],"about":[{"href":"https:\/\/derechosinfronteras.pe\/ingles\/wp-json\/wp\/v2\/types\/post"}],"author":[{"embeddable":true,"href":"https:\/\/derechosinfronteras.pe\/ingles\/wp-json\/wp\/v2\/users\/1"}],"replies":[{"embeddable":true,"href":"https:\/\/derechosinfronteras.pe\/ingles\/wp-json\/wp\/v2\/comments?post=4694"}],"version-history":[{"count":0,"href":"https:\/\/derechosinfronteras.pe\/ingles\/wp-json\/wp\/v2\/posts\/4694\/revisions"}],"wp:featuredmedia":[{"embeddable":true,"href":"https:\/\/derechosinfronteras.pe\/ingles\/wp-json\/wp\/v2\/media\/4695"}],"wp:attachment":[{"href":"https:\/\/derechosinfronteras.pe\/ingles\/wp-json\/wp\/v2\/media?parent=4694"}],"wp:term":[{"taxonomy":"category","embeddable":true,"href":"https:\/\/derechosinfronteras.pe\/ingles\/wp-json\/wp\/v2\/categories?post=4694"},{"taxonomy":"post_tag","embeddable":true,"href":"https:\/\/derechosinfronteras.pe\/ingles\/wp-json\/wp\/v2\/tags?post=4694"}],"curies":[{"name":"wp","href":"https:\/\/api.w.org\/{rel}","templated":true}]}}