{"id":4696,"date":"2018-03-14T13:06:06","date_gmt":"2018-03-14T18:06:06","guid":{"rendered":"http:\/\/derechosinfronteras.pe\/?p=3587"},"modified":"2018-03-14T13:06:06","modified_gmt":"2018-03-14T18:06:06","slug":"gobierno-amplia-por-segunda-vez-estado-de-emergencia-en-el-corredor-vial-minero-apurimac-cusco-arequipa","status":"publish","type":"post","link":"https:\/\/derechosinfronteras.pe\/ingles\/gobierno-amplia-por-segunda-vez-estado-de-emergencia-en-el-corredor-vial-minero-apurimac-cusco-arequipa\/","title":{"rendered":"Gobierno ampl\u00eda por segunda vez Estado de Emergencia en el corredor vial minero Apur\u00edmac-Cusco-Arequipa"},"content":{"rendered":"<p style=\"text-align: justify;\">El pasado 11 de enero, Con Decreto Supremo N\u00ba 006-2018-PCM, el gobierno, con su nuevo gabinete de la \u2018reconciliaci\u00f3n\u2019, declar\u00f3 en Estado de Emergencia el Corredor Vial Minero Apur\u00edmac \u2013 Cusco \u2013 Arequipa. Seg\u00fan el DS la medida durar\u00eda 30 d\u00edas calendarios. Sin embargo, el pasado 08 de febrero, se volvi\u00f3 a emitir un nuevo DS, con N\u00ba 015-2018-PCM, en el cual ampl\u00edan esta medida por 30 d\u00edas m\u00e1s. Inexplicablemente, el 08 de marzo, con la publicaci\u00f3n oficial del Diario El Peruano del nuevo DS N\u00b0 025 \u2013 2018 &#8211; PCM se ampl\u00edo por segunda vez el estado de emergencia. El nuevo documento detalla textualmente que esta medida es tomada para \u2018garantizar el accionar de las fuerzas del orden ante cualquier alteraci\u00f3n del orden\u2019 en el Corredor Vial Apur\u00edmac \u2013 Cusco \u2013 Arequipa y zonas adyacentes. El nueva ampliaci\u00f3n empez\u00f3 ayer, 13 de marzo.<\/p>\n<p style=\"text-align: justify;\">El corredor vial minero tiene una extensi\u00f3n aproximada de 482.200 km., que abarca desde la Ruta Nacional PE-3S X, ubicada en el distrito de Progreso, provincia de Grau, Apur\u00edmac, hasta la Ruta Nacional PE-34 A, que culmina en el centro poblado menor Pillones, distrito de San Antonio de Chuca, provincia de Caylloma, Arequipa. El Estado de Emergencia incluye los quinientos metros adyacentes a cada lado del Corredor Vial en menci\u00f3n. Durante treinta d\u00edas La Polic\u00eda Nacional del Per\u00fa y las Fuerzas Armadas \u2018mantendr\u00e1n\u2019 el control del orden interno.<\/p>\n<p style=\"text-align: justify;\">Como se sabe por esta v\u00eda son permanentes las manifestaciones de las poblaciones locales en contra de las empresas mineras como: \u2018MMG Las Bambas\u2019, HudBay, Glencore, entre otras, exigiendo les otorgue un resarcimiento econ\u00f3mico por el deterioro a sus viviendas, derrames, accidentes, enfermedades respiratorias y otras afectaciones causadas por el paso de camiones que transportan minerales o residuos t\u00f3xicos. Por esta v\u00eda transitan m\u00e1s de 500 veh\u00edculos por d\u00eda y sumado a esta problem\u00e1tica los accidentes se est\u00e1n volviendo m\u00e1s frecuentes en este corredor vial.<\/p>\n<p style=\"text-align: justify;\">Cabe se\u00f1alar que en el caso de la empresa MMG Las Bambas el 2016 se produjeron fuertes manifestaciones en contra de la empresa minera por las mismas razones se\u00f1aladas lineas arriba. En aquella ocasi\u00f3n, el desalojo a los manifestantes caus\u00f3 la muerte de un comunero: Quintino Cereceda. Las manifestaciones se postergaron porque la empresa y el actual gobierno acordaron una compensaci\u00f3n econ\u00f3mica para las comunidades, las mismas que hasta la fecha no se han cumplido.<\/p>\n<p style=\"text-align: justify;\">Esta medida aplicada para Apur\u00edmac, Cusco y Arequipa de declarar estados de emergencia bajo la figura \u201cpreventiva\u201d, ya no es solo en territorios determinados, ahora se aplica a v\u00edas p\u00fablicas interregionales, en la pr\u00e1ctica se militariza los espacios p\u00fablicos de tr\u00e1nsito para garantizar la inversi\u00f3n minera, siendo contrario al respeto de los derechos humanos, el Estado de derecho y la democracia.<\/p>\n<p style=\"text-align: justify;\">\u00bfQu\u00e9 implica un estado de emergencia?<\/p>\n<p style=\"text-align: justify;\">Seg\u00fan lo que dicta nuestra Constituci\u00f3n, la declaratoria de un Estado de Emergencia deja abierta la posibilidad de suspender o restringir -todos o alguno- de los siguientes derechos:<\/p>\n<p style=\"text-align: justify;\"><strong>*Libertad y seguridad personal:<\/strong>\u00a0Las detenciones pueden ocurrir sin flagrancia o sin mandato judicial. Las acciones de habeas corpus en relaci\u00f3n a personas detenidas ser\u00e1n declaradas improcedentes.<\/p>\n<p style=\"text-align: justify;\"><strong>*Inviolabilidad de domicilio:<\/strong>\u00a0Las PNP y\/o Fuerzas Armadas pueden ingresar a cualquier domicilio sin mandato judicial o flagrancia.<\/p>\n<p style=\"text-align: justify;\"><strong>*Libertad de Reuni\u00f3n:<\/strong>\u00a0Se suspenden todo tipo de reuniones.<\/p>\n<p style=\"text-align: justify;\"><strong>*Libertad de Tr\u00e1nsito:<\/strong>\u00a0Se puede suspender la libertad de circular en ciertos lugares y\/o en ciertos horarios (No es lo mismo que un \u2018Toque de queda\u2019)<\/p>\n<p><strong>\u00a0<\/strong><\/p>\n<div class=\"fb-post\" data-href=\"https:\/\/www.facebook.com\/derechossinfronteras.pe\/photos\/a.741549455963585.1073741826.339097252875476\/1337506013034590\/?type=3&#038;theater\" data-width=\"552\" style=\"background-color: #fff; display: inline-block;\"><\/div>","protected":false},"excerpt":{"rendered":"<p>El pasado 11 de enero, Con Decreto Supremo N\u00ba 006-2018-PCM, el gobierno, con su nuevo gabinete de la \u2018reconciliaci\u00f3n\u2019, declar\u00f3 en Estado de Emergencia el Corredor Vial Minero Apur\u00edmac \u2013 Cusco \u2013 Arequipa. Seg\u00fan el DS la medida durar\u00eda 30 d\u00edas calendarios. Sin embargo, el pasado 08 de febrero, se volvi\u00f3 a emitir un nuevo [&hellip;]<\/p>\n","protected":false},"author":1,"featured_media":4697,"comment_status":"closed","ping_status":"open","sticky":false,"template":"","format":"standard","meta":{"_monsterinsights_skip_tracking":false,"_monsterinsights_sitenote_active":false,"_monsterinsights_sitenote_note":"","_monsterinsights_sitenote_category":0,"_jetpack_memberships_contains_paid_content":false,"footnotes":"","jetpack_publicize_message":"","jetpack_publicize_feature_enabled":true,"jetpack_social_post_already_shared":false,"jetpack_social_options":{"image_generator_settings":{"template":"highway","default_image_id":0,"font":"","enabled":false},"version":2}},"categories":[1],"tags":[],"class_list":["post-4696","post","type-post","status-publish","format-standard","has-post-thumbnail","hentry","category-sin-categoria"],"blocksy_meta":[],"jetpack_publicize_connections":[],"jetpack_featured_media_url":"https:\/\/derechosinfronteras.pe\/wp-content\/uploads\/2018\/03\/Nuevo-Estado-de-Emergencia.jpg","jetpack_sharing_enabled":true,"jetpack_likes_enabled":true,"_links":{"self":[{"href":"https:\/\/derechosinfronteras.pe\/ingles\/wp-json\/wp\/v2\/posts\/4696","targetHints":{"allow":["GET"]}}],"collection":[{"href":"https:\/\/derechosinfronteras.pe\/ingles\/wp-json\/wp\/v2\/posts"}],"about":[{"href":"https:\/\/derechosinfronteras.pe\/ingles\/wp-json\/wp\/v2\/types\/post"}],"author":[{"embeddable":true,"href":"https:\/\/derechosinfronteras.pe\/ingles\/wp-json\/wp\/v2\/users\/1"}],"replies":[{"embeddable":true,"href":"https:\/\/derechosinfronteras.pe\/ingles\/wp-json\/wp\/v2\/comments?post=4696"}],"version-history":[{"count":0,"href":"https:\/\/derechosinfronteras.pe\/ingles\/wp-json\/wp\/v2\/posts\/4696\/revisions"}],"wp:featuredmedia":[{"embeddable":true,"href":"https:\/\/derechosinfronteras.pe\/ingles\/wp-json\/wp\/v2\/media\/4697"}],"wp:attachment":[{"href":"https:\/\/derechosinfronteras.pe\/ingles\/wp-json\/wp\/v2\/media?parent=4696"}],"wp:term":[{"taxonomy":"category","embeddable":true,"href":"https:\/\/derechosinfronteras.pe\/ingles\/wp-json\/wp\/v2\/categories?post=4696"},{"taxonomy":"post_tag","embeddable":true,"href":"https:\/\/derechosinfronteras.pe\/ingles\/wp-json\/wp\/v2\/tags?post=4696"}],"curies":[{"name":"wp","href":"https:\/\/api.w.org\/{rel}","templated":true}]}}