{"id":4698,"date":"2018-03-09T18:25:49","date_gmt":"2018-03-09T23:25:49","guid":{"rendered":"http:\/\/derechosinfronteras.pe\/?p=3580"},"modified":"2018-03-09T18:25:49","modified_gmt":"2018-03-09T23:25:49","slug":"europa-diputadas-exhortan-al-gobierno-peruano-atender-los-casos-de-esterilizaciones-forzadas-en-el-gobierno-de-fujimori","status":"publish","type":"post","link":"https:\/\/derechosinfronteras.pe\/ingles\/europa-diputadas-exhortan-al-gobierno-peruano-atender-los-casos-de-esterilizaciones-forzadas-en-el-gobierno-de-fujimori\/","title":{"rendered":"Europa: Diputadas exhortan al Per\u00fa atender los casos de esterilizaciones forzadas en el gobierno de Fujimori"},"content":{"rendered":"<div class=\"fb-post\" data-href=\"https:\/\/www.facebook.com\/derechossinfronteras.pe\/photos\/a.741549455963585.1073741826.339097252875476\/1554704071314782\/?type=3&#038;theater\" data-width=\"552\" style=\"background-color: #fff; display: inline-block;\"><\/div>\n<p style=\"text-align: justify;\"><strong>In\u00e9s Condori, presidenta de la Asociaci\u00f3n de Mujeres V\u00edctimas de las Esterilizaciones Forzadas de Chumbivilcas<\/strong>, particip\u00f3 entre el 06 y 08 de marzo en el <a href=\"http:\/\/derechosinfronteras.pe\/ingles\/feminismo-sin-fronteras\/\">Foro Internacional de Mujeres denominado: \u2018Feminismo sin Fronteras\u2019<\/a>. Adem\u00e1s de actividades formativas propias del foro, y con el apoyo de Angela Vallina, eurodiputada de Izquierda Unida, In\u00e9s Condori realiz\u00f3 una conferencia de prensa para denunciar y visibilizar el caso de miles de mujeres y hombres que fueron esterilizados en contra de su voluntad durante el gobierno de Fujimori.<\/p>\n<p style=\"text-align: justify;\">\u201cSe nos captaba y se nos hac\u00edan las ligaduras sin darnos ning\u00fan tipo de informaci\u00f3n de si esa operaci\u00f3n era irreversible o no, sin explicarnos las consecuencias y sin tratarnos despu\u00e9s\u201d, ha denunciado. Un plan sistem\u00e1tico que fue acompa\u00f1ado del silencio durante muchos a\u00f1os \u201cpor miedo a la violencia que ejerc\u00eda contra nosotras Fujimori\u201d declar\u00f3 In\u00e9s Condori ante la prensa y autoridades europeas.<\/p>\n<p style=\"text-align: justify;\">En la conferencia de prensa, Condori estuvo acompa\u00f1ada por las eurodiputadas Angela Vallina, Izaskun Bilbao y Bodil Valero, quienes reclamaron al gobierno de PPK cumpla con sus promesas de campa\u00f1a y facilite el acompa\u00f1amiento m\u00e9dico, jur\u00eddico y psicol\u00f3gico a las v\u00edctimas de esterilizaciones forzadas. Adem\u00e1s, \u00c1ngela Vallina, inst\u00f3 a la Uni\u00f3n Europea a \u201cabordar\u201d en sus relaciones con Per\u00fa el <a href=\"http:\/\/derechosinfronteras.pe\/ingles\/estaprobado-victimas-de-esterilizaciones-forzadas-exigen-que-su-proceso-sea-considerado-como-crimen-de-lesa-humanidad\/\"><strong>\u201ccrimen de lesa humanidad\u201d<\/strong><\/a> que supuso el programa de planificaci\u00f3n familiar que ejecut\u00f3, el ahora indultado, Alberto Fujimori entre 1995 y 2001 y que afect\u00f3 a m\u00e1s de 270.000 mujeres, la mayor\u00eda de las comunidades ind\u00edgenas y campesinas.<\/p>\n<p style=\"text-align: justify;\">\u201cSe violaron los derechos humanos de cientos de miles de mujeres y debemos decir que no es s\u00f3lo un crimen de lesa humanidad por tratarse de un programa p\u00fablico de esterilizaciones que no garantiz\u00f3 el consentimiento informado y tuvo un car\u00e1cter masivo y sistem\u00e1tico contra las mujeres andinas, ind\u00edgenas y amaz\u00f3nicas, sino porque provoc\u00f3 muertes, enfermedades y lesiones que a\u00fan tienen consecuencias hoy\u201d, sentenci\u00f3 Vallina.<\/p>\n<div class=\"fb-video\" data-allowfullscreen=\"true\" data-href=\"https:\/\/www.facebook.com\/derechossinfronteras.pe\/videos\/1559365304181992\/\" style=\"background-color: #fff; display: inline-block;\"><\/div>\n<p style=\"text-align: justify;\">La presencia de Condori en Europa, ha permitido llevar la voz de miles de v\u00edctimas que, despu\u00e9s de m\u00e1s de 20 a\u00f1os, a\u00fan no reciben justicia. In\u00e9s Condori, culmin\u00f3 su intervenci\u00f3n evidenciando las necesidades legales que tienen las organizaciones de mujeres esterilizadas en todo el Per\u00fa. \u201cNo tenemos un abogado para defendernos y nos dicen que no hay presupuesto. Cuando pusieron en marcha el programa para las esterilizaciones iban casa por casa y mandaban a las mujeres en autobuses, ahora ni siquiera nos facilitan la ayuda legal o nos atienden en la sanidad\u201d, explic\u00f3.<\/p>\n<div class=\"fb-post\" data-href=\"https:\/\/www.facebook.com\/derechossinfronteras.pe\/photos\/a.741549455963585.1073741826.339097252875476\/1405732249545299\/?type=3&#038;theater\" data-width=\"552\" style=\"background-color: #fff; display: inline-block;\"><\/div>","protected":false},"excerpt":{"rendered":"<p>In\u00e9s Condori, presidenta de la Asociaci\u00f3n de Mujeres V\u00edctimas de las Esterilizaciones Forzadas de Chumbivilcas, particip\u00f3 entre el 06 y 08 de marzo en el Foro Internacional de Mujeres denominado: \u2018Feminismo sin Fronteras\u2019. Adem\u00e1s de actividades formativas propias del foro, y con el apoyo de Angela Vallina, eurodiputada de Izquierda Unida, In\u00e9s Condori realiz\u00f3 una [&hellip;]<\/p>\n","protected":false},"author":1,"featured_media":4699,"comment_status":"closed","ping_status":"open","sticky":false,"template":"","format":"standard","meta":{"_monsterinsights_skip_tracking":false,"_monsterinsights_sitenote_active":false,"_monsterinsights_sitenote_note":"","_monsterinsights_sitenote_category":0,"_jetpack_memberships_contains_paid_content":false,"footnotes":"","jetpack_publicize_message":"","jetpack_publicize_feature_enabled":true,"jetpack_social_post_already_shared":false,"jetpack_social_options":{"image_generator_settings":{"template":"highway","default_image_id":0,"font":"","enabled":false},"version":2}},"categories":[1],"tags":[],"class_list":["post-4698","post","type-post","status-publish","format-standard","has-post-thumbnail","hentry","category-sin-categoria"],"blocksy_meta":[],"jetpack_publicize_connections":[],"jetpack_featured_media_url":"https:\/\/derechosinfronteras.pe\/wp-content\/uploads\/2018\/03\/Ines-en-Conferencia-de-prensa-e1520637872949.jpg","jetpack_sharing_enabled":true,"jetpack_likes_enabled":true,"_links":{"self":[{"href":"https:\/\/derechosinfronteras.pe\/ingles\/wp-json\/wp\/v2\/posts\/4698","targetHints":{"allow":["GET"]}}],"collection":[{"href":"https:\/\/derechosinfronteras.pe\/ingles\/wp-json\/wp\/v2\/posts"}],"about":[{"href":"https:\/\/derechosinfronteras.pe\/ingles\/wp-json\/wp\/v2\/types\/post"}],"author":[{"embeddable":true,"href":"https:\/\/derechosinfronteras.pe\/ingles\/wp-json\/wp\/v2\/users\/1"}],"replies":[{"embeddable":true,"href":"https:\/\/derechosinfronteras.pe\/ingles\/wp-json\/wp\/v2\/comments?post=4698"}],"version-history":[{"count":0,"href":"https:\/\/derechosinfronteras.pe\/ingles\/wp-json\/wp\/v2\/posts\/4698\/revisions"}],"wp:featuredmedia":[{"embeddable":true,"href":"https:\/\/derechosinfronteras.pe\/ingles\/wp-json\/wp\/v2\/media\/4699"}],"wp:attachment":[{"href":"https:\/\/derechosinfronteras.pe\/ingles\/wp-json\/wp\/v2\/media?parent=4698"}],"wp:term":[{"taxonomy":"category","embeddable":true,"href":"https:\/\/derechosinfronteras.pe\/ingles\/wp-json\/wp\/v2\/categories?post=4698"},{"taxonomy":"post_tag","embeddable":true,"href":"https:\/\/derechosinfronteras.pe\/ingles\/wp-json\/wp\/v2\/tags?post=4698"}],"curies":[{"name":"wp","href":"https:\/\/api.w.org\/{rel}","templated":true}]}}