{"id":4700,"date":"2018-03-08T12:18:26","date_gmt":"2018-03-08T17:18:26","guid":{"rendered":"http:\/\/derechosinfronteras.pe\/?p=3574"},"modified":"2018-03-08T12:18:26","modified_gmt":"2018-03-08T17:18:26","slug":"8m-nada-que-celebrar-mucho-por-luchar","status":"publish","type":"post","link":"https:\/\/derechosinfronteras.pe\/ingles\/8m-nada-que-celebrar-mucho-por-luchar\/","title":{"rendered":"8M: Nada que celebrar, mucho por luchar"},"content":{"rendered":"<p style=\"text-align: right;\"><strong>Por Carolina Dupont\u00a0<\/strong><\/p>\n<div class=\"fb-post\" data-href=\"https:\/\/www.facebook.com\/derechossinfronteras.pe\/photos\/a.741549455963585.1073741826.339097252875476\/1557344167717439\/?type=3\" data-width=\"552\" style=\"background-color: #fff; display: inline-block;\"><\/div>\n<p style=\"text-align: justify;\">Como cada a\u00f1o, hoy, 8 de marzo celebraremos el <strong>D\u00eda Internacional de los Derechos de las Mujeres<\/strong>. Si bien, para algunos, ser\u00e1 la oportunidad de regalar una flor y recordar \u201clo maravilloso que son las mujeres\u201d; muchos de nosotros recordamos esa fecha por el asesinato de 146 mujeres, quemadas en una f\u00e1brica textil de Nueva York en el 1908, en la represi\u00f3n de una huelga de mujeres que exig\u00edan el respeto de sus derechos sociales y econ\u00f3micos.<\/p>\n<p style=\"text-align: justify;\">Es una fecha, pues, de reivindicaci\u00f3n de los derechos humanos de las mujeres; recordar que los derechos que gozamos hoy han sido ganados por la lucha de las mujeres de ayer, y reafirmarse en la lucha por los derechos que nos quedan por conquistar: <strong>educaci\u00f3n en igualdad de derechos, garant\u00eda de nuestra integridad f\u00edsica, sexual y psicol\u00f3gica, autonom\u00eda absoluta sobre nuestros cuerpos, igual participaci\u00f3n en los espacios p\u00fablicos y toma de decisiones\u2026<\/strong><\/p>\n<p style=\"text-align: justify;\">Hoy, las mujeres siguen siendo particularmente vulnerables ante problemas sociales como el acceso a un trabajo digno; la corrupci\u00f3n, que nos afectan directamente \u2013la impunidad de la violencia machista en el Poder Judicial pone a menudo nuestras vidas mismas en peligro; las mujeres son quienes m\u00e1s asumen los problemas de salud de su familia, se enfrentan con m\u00e1s desesperaci\u00f3n a casos de criminalizaci\u00f3n de la protesta y de contaminaci\u00f3n ambiental por su propio rol reproductivo y su responsabilidad en las tareas de cuidado. Sin embargo, <strong>la participaci\u00f3n social y pol\u00edtica de las mujeres, en la ciudad del Cusco tanto como en las provincias altas, sigue siendo limitada, marginal, e incluso a menudo cuestionada por muchos varones.<\/strong><\/p>\n<p style=\"text-align: justify;\">Por ello, es urgente y necesario articular agendas para este 8 de marzo: por un lado, por nuestros derechos fundamentales que est\u00e1n atacados a diario por ser mujeres; y por otro, por nuestra participaci\u00f3n efectiva en la gesti\u00f3n com\u00fan de asuntos sociales, para luchar contra los problemas que nos afectan igual, sino m\u00e1s, que los varones. Necesitamos hoy un feminismo interseccional, que reivindique la situaci\u00f3n espec\u00edfica de <strong>las mujeres ind\u00edgenas afectadas por la miner\u00eda, la de las mujeres lesbianas y trans, la de comuneras victimas de esterilizaciones forzadas, la de las trabajadoras m\u00e1s precarias.<\/strong><\/p>\n<p style=\"text-align: justify;\">Este 8 de marzo, no celebramos el D\u00eda de la Mujer, pues no hay un modelo pre-concebido, \u00fanico \u00a0de mujer; sino el D\u00eda por los Derechos de las Mujeres, porque somos muchas y muy diversas, luchando todas por una emancipaci\u00f3n com\u00fan, y cada una en contextos diferentes por agendas diferentes.<\/p>\n<div class=\"fb-video\" data-allowfullscreen=\"true\" data-href=\"https:\/\/www.facebook.com\/derechossinfronteras.pe\/videos\/1562486723869850\/\" style=\"background-color: #fff; display: inline-block;\"><\/div>","protected":false},"excerpt":{"rendered":"<p>Por Carolina Dupont\u00a0 Como cada a\u00f1o, hoy, 8 de marzo celebraremos el D\u00eda Internacional de los Derechos de las Mujeres. Si bien, para algunos, ser\u00e1 la oportunidad de regalar una flor y recordar \u201clo maravilloso que son las mujeres\u201d; muchos de nosotros recordamos esa fecha por el asesinato de 146 mujeres, quemadas en una f\u00e1brica [&hellip;]<\/p>\n","protected":false},"author":1,"featured_media":4701,"comment_status":"closed","ping_status":"open","sticky":false,"template":"","format":"standard","meta":{"_monsterinsights_skip_tracking":false,"_monsterinsights_sitenote_active":false,"_monsterinsights_sitenote_note":"","_monsterinsights_sitenote_category":0,"_jetpack_memberships_contains_paid_content":false,"footnotes":"","jetpack_publicize_message":"","jetpack_publicize_feature_enabled":true,"jetpack_social_post_already_shared":false,"jetpack_social_options":{"image_generator_settings":{"template":"highway","default_image_id":0,"font":"","enabled":false},"version":2}},"categories":[1],"tags":[],"class_list":["post-4700","post","type-post","status-publish","format-standard","has-post-thumbnail","hentry","category-sin-categoria"],"blocksy_meta":[],"jetpack_publicize_connections":[],"jetpack_featured_media_url":"https:\/\/derechosinfronteras.pe\/wp-content\/uploads\/2018\/03\/8M-Cusco2-e1520529420477.jpg","jetpack_sharing_enabled":true,"jetpack_likes_enabled":true,"_links":{"self":[{"href":"https:\/\/derechosinfronteras.pe\/ingles\/wp-json\/wp\/v2\/posts\/4700","targetHints":{"allow":["GET"]}}],"collection":[{"href":"https:\/\/derechosinfronteras.pe\/ingles\/wp-json\/wp\/v2\/posts"}],"about":[{"href":"https:\/\/derechosinfronteras.pe\/ingles\/wp-json\/wp\/v2\/types\/post"}],"author":[{"embeddable":true,"href":"https:\/\/derechosinfronteras.pe\/ingles\/wp-json\/wp\/v2\/users\/1"}],"replies":[{"embeddable":true,"href":"https:\/\/derechosinfronteras.pe\/ingles\/wp-json\/wp\/v2\/comments?post=4700"}],"version-history":[{"count":0,"href":"https:\/\/derechosinfronteras.pe\/ingles\/wp-json\/wp\/v2\/posts\/4700\/revisions"}],"wp:featuredmedia":[{"embeddable":true,"href":"https:\/\/derechosinfronteras.pe\/ingles\/wp-json\/wp\/v2\/media\/4701"}],"wp:attachment":[{"href":"https:\/\/derechosinfronteras.pe\/ingles\/wp-json\/wp\/v2\/media?parent=4700"}],"wp:term":[{"taxonomy":"category","embeddable":true,"href":"https:\/\/derechosinfronteras.pe\/ingles\/wp-json\/wp\/v2\/categories?post=4700"},{"taxonomy":"post_tag","embeddable":true,"href":"https:\/\/derechosinfronteras.pe\/ingles\/wp-json\/wp\/v2\/tags?post=4700"}],"curies":[{"name":"wp","href":"https:\/\/api.w.org\/{rel}","templated":true}]}}