{"id":4702,"date":"2018-03-08T11:32:41","date_gmt":"2018-03-08T16:32:41","guid":{"rendered":"http:\/\/derechosinfronteras.pe\/?p=3571"},"modified":"2018-03-08T11:32:41","modified_gmt":"2018-03-08T16:32:41","slug":"conformaran-comision-sectorial-para-elaborar-plan-nacional-de-atencion-a-personas-afectadas-por-metales-toxicos","status":"publish","type":"post","link":"https:\/\/derechosinfronteras.pe\/ingles\/conformaran-comision-sectorial-para-elaborar-plan-nacional-de-atencion-a-personas-afectadas-por-metales-toxicos\/","title":{"rendered":"Conformar\u00e1n Comisi\u00f3n Sectorial para elaborar plan nacional de atenci\u00f3n a personas afectadas por metales t\u00f3xicos"},"content":{"rendered":"<p style=\"text-align: justify;\">El pasado 28 de febrero, el Ministro de Salud, Abel Hern\u00e1n Salinas, acept\u00f3 reunirse con las autoridades y personas afectadas por metales t\u00f3xicos de Cerro Pasco, el compromiso de acuerdos de dicha se reuni\u00f3n se ha evidenciado en la publicaci\u00f3n de la <a href=\"http:\/\/busquedas.elperuano.pe\/normaslegales\/conforman-comision-sectorial-encargada-de-elaborar-y-propone-resolucion-ministerial-no-168-2018minsa-1621852-3\/\" target=\"_blank\" rel=\"noopener\">Resoluci\u00f3n Ministerial N\u00ba 168-2018\/MINSA<\/a>, en que la se\u00f1ala textualmente la conformaci\u00f3n de la Comisi\u00f3n Sectorial encargada de elaborar y proponer la \u201cPol\u00edtica Nacional para la atenci\u00f3n integral de las personas expuestas a metales pesados, metaloides y sustancias qu\u00edmicas\u201d. La publicaci\u00f3n oficial se hizo el 03 de marzo a trav\u00e9s del diario \u2018El Peruano\u2019.<\/p>\n<p style=\"text-align: justify;\">La comisi\u00f3n estar\u00e1 conformada por siete representantes de diversas \u00e1reas y departamentos del MINSA, siendo presidida por la Direcci\u00f3n General de Intervenciones Estrat\u00e9gicas en Salud P\u00fablica. Adem\u00e1s tendr\u00e1 una vigencia de sesenta d\u00edas h\u00e1biles inmediatamente despu\u00e9s de su creaci\u00f3n, culminado este tiempo deber\u00e1n presentar ante el Despacho Ministerial la propuesta de Pol\u00edtica Nacional.<\/p>\n<p style=\"text-align: justify;\">Si bien es cierto, en la RM se detalla que la Comisi\u00f3n podr\u00e1 consultar con especialistas y t\u00e9cnicos de instituciones p\u00fablicas o privadas, las organizaciones de afectadas y afectados por metales t\u00f3xicos a causa de las actividades extractivas han cuestionado la ausencia de representantes de Sociedad Civil que conformen activamente la Comisi\u00f3n.<\/p>\n<p style=\"text-align: justify;\">Finalmente, cabe se\u00f1alar que esta RM se ha emitido gracias a la presi\u00f3n, protestas simb\u00f3licas y exigencias de <a href=\"http:\/\/derechosinfronteras.pe\/ingles\/afectados-por-metales-toxicos-logran-compromisos-del-minsa-para-atender-su-problematica\/\">las y los afectados de Cerro de Pasco<\/a>, que sumando unas 80 personas, m\u00e1s sus autoridades, llegaron hasta las instalaciones del MINSA con la convicci\u00f3n de no salir hasta ser recibidos por el ministro y sus asesores.<\/p>","protected":false},"excerpt":{"rendered":"<p>El pasado 28 de febrero, el Ministro de Salud, Abel Hern\u00e1n Salinas, acept\u00f3 reunirse con las autoridades y personas afectadas por metales t\u00f3xicos de Cerro Pasco, el compromiso de acuerdos de dicha se reuni\u00f3n se ha evidenciado en la publicaci\u00f3n de la Resoluci\u00f3n Ministerial N\u00ba 168-2018\/MINSA, en que la se\u00f1ala textualmente la conformaci\u00f3n de la [&hellip;]<\/p>\n","protected":false},"author":1,"featured_media":4703,"comment_status":"closed","ping_status":"open","sticky":false,"template":"","format":"standard","meta":{"_monsterinsights_skip_tracking":false,"_monsterinsights_sitenote_active":false,"_monsterinsights_sitenote_note":"","_monsterinsights_sitenote_category":0,"_jetpack_memberships_contains_paid_content":false,"footnotes":"","jetpack_publicize_message":"","jetpack_publicize_feature_enabled":true,"jetpack_social_post_already_shared":false,"jetpack_social_options":{"image_generator_settings":{"template":"highway","default_image_id":0,"font":"","enabled":false},"version":2}},"categories":[1],"tags":[],"class_list":["post-4702","post","type-post","status-publish","format-standard","has-post-thumbnail","hentry","category-sin-categoria"],"blocksy_meta":[],"jetpack_publicize_connections":[],"jetpack_featured_media_url":"https:\/\/derechosinfronteras.pe\/wp-content\/uploads\/2018\/03\/MINSA-y-Comision.jpg","jetpack_sharing_enabled":true,"jetpack_likes_enabled":true,"_links":{"self":[{"href":"https:\/\/derechosinfronteras.pe\/ingles\/wp-json\/wp\/v2\/posts\/4702","targetHints":{"allow":["GET"]}}],"collection":[{"href":"https:\/\/derechosinfronteras.pe\/ingles\/wp-json\/wp\/v2\/posts"}],"about":[{"href":"https:\/\/derechosinfronteras.pe\/ingles\/wp-json\/wp\/v2\/types\/post"}],"author":[{"embeddable":true,"href":"https:\/\/derechosinfronteras.pe\/ingles\/wp-json\/wp\/v2\/users\/1"}],"replies":[{"embeddable":true,"href":"https:\/\/derechosinfronteras.pe\/ingles\/wp-json\/wp\/v2\/comments?post=4702"}],"version-history":[{"count":0,"href":"https:\/\/derechosinfronteras.pe\/ingles\/wp-json\/wp\/v2\/posts\/4702\/revisions"}],"wp:featuredmedia":[{"embeddable":true,"href":"https:\/\/derechosinfronteras.pe\/ingles\/wp-json\/wp\/v2\/media\/4703"}],"wp:attachment":[{"href":"https:\/\/derechosinfronteras.pe\/ingles\/wp-json\/wp\/v2\/media?parent=4702"}],"wp:term":[{"taxonomy":"category","embeddable":true,"href":"https:\/\/derechosinfronteras.pe\/ingles\/wp-json\/wp\/v2\/categories?post=4702"},{"taxonomy":"post_tag","embeddable":true,"href":"https:\/\/derechosinfronteras.pe\/ingles\/wp-json\/wp\/v2\/tags?post=4702"}],"curies":[{"name":"wp","href":"https:\/\/api.w.org\/{rel}","templated":true}]}}