{"id":4704,"date":"2018-03-05T12:03:38","date_gmt":"2018-03-05T17:03:38","guid":{"rendered":"http:\/\/derechosinfronteras.pe\/?p=3564"},"modified":"2018-03-05T12:03:38","modified_gmt":"2018-03-05T17:03:38","slug":"afectados-por-metales-toxicos-logran-compromisos-del-minsa-para-atender-su-problematica","status":"publish","type":"post","link":"https:\/\/derechosinfronteras.pe\/ingles\/afectados-por-metales-toxicos-logran-compromisos-del-minsa-para-atender-su-problematica\/","title":{"rendered":"Cerro de Pasco: Afectados por metales t\u00f3xicos logran compromisos del MINSA"},"content":{"rendered":"<p>Texto: <a href=\"http:\/\/conflictosmineros.org.pe\" target=\"_blank\" rel=\"noopener\">OCM\u00a0<\/a> \u00a0 \u00a0 \u00a0 \u00a0 \u00a0 \u00a0 \u00a0 \u00a0 \u00a0 \u00a0 \u00a0 \u00a0 \u00a0 \u00a0 \u00a0 \u00a0 \u00a0 \u00a0 \u00a0 \u00a0 \u00a0 \u00a0 \u00a0 \u00a0 \u00a0 \u00a0 \u00a0 \u00a0 \u00a0 \u00a0 \u00a0 \u00a0 \u00a0 \u00a0 \u00a0 \u00a0 \u00a0 \u00a0 \u00a0 \u00a0 \u00a0 \u00a0 \u00a0 \u00a0 \u00a0 \u00a0 \u00a0 \u00a0 \u00a0 \u00a0 \u00a0 \u00a0 \u00a0 \u00a0 \u00a0 \u00a0 \u00a0 \u00a0 \u00a0 \u00a0 \u00a0 \u00a0 \u00a0 \u00a0 \u00a0 \u00a0 \u00a0 \u00a0 \u00a0 \u00a0 \u00a0 \u00a0 \u00a0 \u00a0 \u00a0 \u00a0 \u00a0 \u00a0 \u00a0 \u00a0 \u00a0 \u00a0 \u00a0 \u00a0 \u00a0 \u00a0 \u00a0 \u00a0 \u00a0 \u00a0 \u00a0Foto: <a href=\"http:\/\/www.muqui.org\" target=\"_blank\" rel=\"noopener\">Red Muqui<\/a><\/p>\n<p style=\"text-align: justify;\"><strong>Importante logro.<\/strong>\u00a0La lucha de las v\u00edctimas de contaminaci\u00f3n de Cerro de Pasco oblig\u00f3 el \u00faltimo mi\u00e9rcoles al Ministerio de Salud a comprometerse a aprobar una Pol\u00edtica Nacional de Salud P\u00fablica para atender a las personas expuestas a metales pesados y otras sustancias t\u00f3xicas. Compromiso que permitir\u00eda afrontar esta grave problem\u00e1tica que afecta la salud de miles de peruanos impactados por contaminaci\u00f3n minera y petrolera.<\/p>\n<p style=\"text-align: justify;\">Alrededor de 80 personas, entre familias v\u00edctimas de contaminaci\u00f3n minera en Pasco y autoridades locales, se hicieron presentes el d\u00eda mi\u00e9rcoles 28 de febrero en las instalaciones del Ministerio de Salud. Su exigencia: una reuni\u00f3n con el Ministro para que les informe acerca de las acciones prometidas por este sector luego de\u00a0<a href=\"http:\/\/conflictosmineros.org.pe\/2017\/06\/15\/alerta-informativa-la-movilizacion-de-pasco-y-la-desidia-de-las-autoridades\/\" target=\"_blank\" rel=\"noopener\">la marcha de sacrificio realizada en junio de 2017, cuando un centenar de personas permaneci\u00f3 durante varios d\u00edas en el frontis del ministerio<\/a>.<\/p>\n<p style=\"text-align: justify;\">Inicialmente, la situaci\u00f3n se volvi\u00f3 tensa. La poblaci\u00f3n fue recibida por funcionarios en el\u00a0<em>hall<\/em>\u00a0que est\u00e1 al ingreso del local. Ante ello, exigieron reunirse directamente con el ministro Abel Salinas en un espacio adecuado, con condiciones m\u00ednimas para un di\u00e1logo. Ante la negativa de los funcionarios, las casi 80 personas improvisaron una protesta dentro del mismo local, entonando c\u00e1nticos y consignas. \u201cNo nos vamos a mover de aqu\u00ed hasta que venga el ministro a atendernos\u201d, \u201cvamos a salir muertos si no nos atienden\u201d, gritaban los ciudadanos v\u00edctimas de contaminaci\u00f3n. \u201c\u00bfAcaso quieren que mi hija muera? Necesitamos atenci\u00f3n\u201d, gritaba una madre de familia. El video completo de la tensa situaci\u00f3n puede verse\u00a0<a href=\"https:\/\/www.facebook.com\/jorgeluis.ibarragomez\/videos\/vb.1354414791\/10216028258843327\/?type=2&amp;theater\" target=\"_blank\" rel=\"noopener\">aqu\u00ed<\/a>.<\/p>\n<p>\u201cEn junio del a\u00f1o pasado logramos que se declare en emergencia sanitaria nuestro distrito de Sim\u00f3n Bol\u00edvar\u201d, explic\u00f3 el alcalde Zumel Trujillo. \u201cEsa declaratoria concluy\u00f3 el pasado 10 de enero, y nosotros hemos pedido con cartas que el ministerio que nos convoquen a una reuni\u00f3n y nos digan c\u00f3mo va el avance de esta emergencia sanitaria. Ante la falta de respuesta, hemos decidido autoconvocarnos el d\u00eda de hoy\u201d.<\/p>\n<p style=\"text-align: justify;\">Finalmente, los ciudadanos lograron reunirse con el Ministro de Salud, con quien firmaron un Acta con un conjunto de compromisos. Entre los acuerdos, se incluye que el Minsa gestionar\u00e1 la atenci\u00f3n m\u00e9dica inmediata a los afectados, incluyendo la atenci\u00f3n en establecimientos m\u00e9dicos en el exterior, con recursos del SIS y ESSALUD, si el caso lo amerita. Adem\u00e1s, se compromete a gestionar convenios con las empresas mineras que operan en la zona para lograr la reubicaci\u00f3n, compensaci\u00f3n y reparaci\u00f3n a las familias perjudicadas.<\/p>\n<div class=\"tiled-gallery type-rectangular tiled-gallery-unresized\" data-original-width=\"1290\" data-carousel-extra='null' itemscope itemtype=\"http:\/\/schema.org\/ImageGallery\" > <div class=\"gallery-row\" style=\"width: 1290px; height: 876px;\" data-original-width=\"1290\" data-original-height=\"876\" > <div class=\"gallery-group images-1\" style=\"width: 1290px; height: 876px;\" data-original-width=\"1290\" data-original-height=\"876\" > <div class=\"tiled-gallery-item tiled-gallery-item-large\" itemprop=\"associatedMedia\" itemscope itemtype=\"http:\/\/schema.org\/ImageObject\"> <a href=\"https:\/\/derechosinfronteras.pe\/ingles\/ahora-toca-criminalizar-a-miembros-de-mesa\/articulo-defensa-del-voto\/\" border=\"0\" itemprop=\"url\"> <meta itemprop=\"width\" content=\"1286\"> <meta itemprop=\"height\" content=\"872\"> <img loading=\"lazy\" decoding=\"async\" class=\"\" data-attachment-id=\"3565\" data-orig-file=\"https:\/\/derechosinfronteras.pe\/wp-content\/uploads\/2021\/06\/articulo-defensa-del-voto.jpg\" data-orig-size=\"1000,678\" data-comments-opened=\"1\" data-image-meta=\"{&quot;aperture&quot;:&quot;0&quot;,&quot;credit&quot;:&quot;&quot;,&quot;camera&quot;:&quot;&quot;,&quot;caption&quot;:&quot;&quot;,&quot;created_timestamp&quot;:&quot;0&quot;,&quot;copyright&quot;:&quot;&quot;,&quot;focal_length&quot;:&quot;0&quot;,&quot;iso&quot;:&quot;0&quot;,&quot;shutter_speed&quot;:&quot;0&quot;,&quot;title&quot;:&quot;&quot;,&quot;orientation&quot;:&quot;1&quot;}\" data-image-title=\"articulo &amp;#8211; defensa del voto\" data-image-description=\"&lt;p&gt;Foto: ONPE&lt;\/p&gt; \" data-medium-file=\"https:\/\/derechosinfronteras.pe\/wp-content\/uploads\/2021\/06\/articulo-defensa-del-voto-300x203.jpg\" data-large-file=\"https:\/\/derechosinfronteras.pe\/wp-content\/uploads\/2021\/06\/articulo-defensa-del-voto-1024x694.jpg\" src=\"https:\/\/i0.wp.com\/derechosinfronteras.pe\/wp-content\/uploads\/2021\/06\/articulo-defensa-del-voto.jpg?w=1286&#038;h=872&#038;ssl=1\" srcset=\"https:\/\/derechosinfronteras.pe\/wp-content\/uploads\/2021\/06\/articulo-defensa-del-voto.jpg 1000w, https:\/\/derechosinfronteras.pe\/wp-content\/uploads\/2021\/06\/articulo-defensa-del-voto-300x203.jpg 300w, https:\/\/derechosinfronteras.pe\/wp-content\/uploads\/2021\/06\/articulo-defensa-del-voto-1024x694.jpg 1024w, https:\/\/derechosinfronteras.pe\/wp-content\/uploads\/2021\/06\/articulo-defensa-del-voto-768x521.jpg 768w\" width=\"1286\" height=\"872\" data-original-width=\"1286\" data-original-height=\"872\" itemprop=\"http:\/\/schema.org\/image\" title=\"articulo - defensa del voto\" alt=\"Foto: ONPE\" style=\"width: 1286px; height: 872px;\" \/> <\/a> <div class=\"tiled-gallery-caption\" itemprop=\"caption description\"> Foto: ONPE <\/div> <\/div> <\/div> <!-- close group --> <\/div> <!-- close row --> <\/div>\n<p style=\"text-align: justify;\">El ministro tambi\u00e9n se comprometi\u00f3 declarar en emergencia nueve distritos de la regi\u00f3n donde existen pasivos mineros que vienen contaminando el agua, el aire y el suelo. Los distritos son: Sim\u00f3n Bol\u00edvar, Chaupimarca, Yanacancha, Ticlacayan, Tinyahuarco, Huayllay, Huachon, Yarusyacan y Pallanchacra; en la Provincia Daniel Alcides Carri\u00f3n, los distritos a ser declarados en emergencia son Yanahuanca, San Pedro de Pillao y Santa Ana de Tusi.<\/p>\n<p style=\"text-align: justify;\">Adicionalmente, ante una problem\u00e1tica que es com\u00fan a m\u00e1s de 10 regiones del pa\u00eds donde existe intensa actividad minera y de hidrocarburos, el ministro ofreci\u00f3 que en 30 d\u00edas presentar\u00e1 la propuesta de Pol\u00edtica Nacional de salud p\u00fablica para la protecci\u00f3n a las personas expuestas a metales pesados y otras sustancias qu\u00edmicas.<\/p>\n<p style=\"text-align: justify;\">Esta es una demanda planteada en noviembre durante el\u00a0<a href=\"http:\/\/cooperaccion.org.pe\/primer-encuentro-nacional-de-afectados-por-metales-pesados\/\" target=\"_blank\" rel=\"noopener\">Encuentro Nacional de Afectados por Metales T\u00f3xicos<\/a>. En un pa\u00eds en el que sucesivos gobiernos vienen apostando por las actividades extractivas, es indispensable que se cuente con una pol\u00edtica nacional para la prevenci\u00f3n y atenci\u00f3n a quienes se vean afectados por la contaminaci\u00f3n que usualmente acompa\u00f1a a estas actividades, se\u00f1alaron en ese momento los afectados.<\/p>\n<p style=\"text-align: justify;\">Pasco en una de las regiones con mayores problemas ambientales generados por la miner\u00eda. Diversos informes han demostrado que m\u00e1s de 2000 ni\u00f1os presentan plomo, cadmio, mercurio y ars\u00e9nico en sus cuerpos. Hay m\u00e1s de 40 ni\u00f1os identificados con enfermedades vinculadas a esta contaminaci\u00f3n, especialmente diversos tipos de c\u00e1ncer.<\/p>\n<p style=\"text-align: justify;\">Como Pasco, existen en el pa\u00eds demasiados casos de contaminaci\u00f3n grave por metales t\u00f3xicos por explotaci\u00f3n minera, petrolera o gas\u00edfera: Espinar (Cusco), Hualgayoc (Cajamarca), Cuninico y Cuatro Cuencas (Loreto), La Oroya (Jun\u00edn), la cuenca del Ramis (Puno), entre otras. Adem\u00e1s,\u00a0<a href=\"http:\/\/larepublica.pe\/sociedad\/1175448-grave-contaminacion-por-mercurio-amenaza-a-un-pueblo-indigena-del-cusco\" target=\"_blank\" rel=\"noopener\">recientemente se conoci\u00f3 la cr\u00edtica situaci\u00f3n del pueblo Nahua<\/a>, presuntamente contaminado por actividades relacionadas al gas de Camisea seg\u00fan un informe del propio Minsa que fue filtrado por la prensa internacional.<\/p>","protected":false},"excerpt":{"rendered":"<p>Texto: OCM\u00a0 \u00a0 \u00a0 \u00a0 \u00a0 \u00a0 \u00a0 \u00a0 \u00a0 \u00a0 \u00a0 \u00a0 \u00a0 \u00a0 \u00a0 \u00a0 \u00a0 \u00a0 \u00a0 \u00a0 \u00a0 \u00a0 \u00a0 \u00a0 \u00a0 \u00a0 \u00a0 \u00a0 \u00a0 \u00a0 \u00a0 \u00a0 \u00a0 \u00a0 \u00a0 \u00a0 \u00a0 \u00a0 \u00a0 \u00a0 \u00a0 \u00a0 \u00a0 \u00a0 \u00a0 \u00a0 \u00a0 \u00a0 \u00a0 \u00a0 \u00a0 \u00a0 \u00a0 \u00a0 [&hellip;]<\/p>\n","protected":false},"author":1,"featured_media":4705,"comment_status":"closed","ping_status":"open","sticky":false,"template":"","format":"standard","meta":{"_monsterinsights_skip_tracking":false,"_monsterinsights_sitenote_active":false,"_monsterinsights_sitenote_note":"","_monsterinsights_sitenote_category":0,"_jetpack_memberships_contains_paid_content":false,"footnotes":"","jetpack_publicize_message":"","jetpack_publicize_feature_enabled":true,"jetpack_social_post_already_shared":false,"jetpack_social_options":{"image_generator_settings":{"template":"highway","default_image_id":0,"font":"","enabled":false},"version":2}},"categories":[1],"tags":[],"class_list":["post-4704","post","type-post","status-publish","format-standard","has-post-thumbnail","hentry","category-sin-categoria"],"blocksy_meta":[],"jetpack_publicize_connections":[],"jetpack_featured_media_url":"https:\/\/derechosinfronteras.pe\/wp-content\/uploads\/2018\/03\/Cerro-de-Pasco.jpg","jetpack_sharing_enabled":true,"jetpack_likes_enabled":true,"_links":{"self":[{"href":"https:\/\/derechosinfronteras.pe\/ingles\/wp-json\/wp\/v2\/posts\/4704","targetHints":{"allow":["GET"]}}],"collection":[{"href":"https:\/\/derechosinfronteras.pe\/ingles\/wp-json\/wp\/v2\/posts"}],"about":[{"href":"https:\/\/derechosinfronteras.pe\/ingles\/wp-json\/wp\/v2\/types\/post"}],"author":[{"embeddable":true,"href":"https:\/\/derechosinfronteras.pe\/ingles\/wp-json\/wp\/v2\/users\/1"}],"replies":[{"embeddable":true,"href":"https:\/\/derechosinfronteras.pe\/ingles\/wp-json\/wp\/v2\/comments?post=4704"}],"version-history":[{"count":0,"href":"https:\/\/derechosinfronteras.pe\/ingles\/wp-json\/wp\/v2\/posts\/4704\/revisions"}],"wp:featuredmedia":[{"embeddable":true,"href":"https:\/\/derechosinfronteras.pe\/ingles\/wp-json\/wp\/v2\/media\/4705"}],"wp:attachment":[{"href":"https:\/\/derechosinfronteras.pe\/ingles\/wp-json\/wp\/v2\/media?parent=4704"}],"wp:term":[{"taxonomy":"category","embeddable":true,"href":"https:\/\/derechosinfronteras.pe\/ingles\/wp-json\/wp\/v2\/categories?post=4704"},{"taxonomy":"post_tag","embeddable":true,"href":"https:\/\/derechosinfronteras.pe\/ingles\/wp-json\/wp\/v2\/tags?post=4704"}],"curies":[{"name":"wp","href":"https:\/\/api.w.org\/{rel}","templated":true}]}}