{"id":4709,"date":"2018-02-26T11:32:47","date_gmt":"2018-02-26T16:32:47","guid":{"rendered":"http:\/\/derechosinfronteras.pe\/?p=3554"},"modified":"2018-02-26T11:32:47","modified_gmt":"2018-02-26T16:32:47","slug":"pronunciamiento-contra-el-acoso-politico-a-las-mujeres-de-espinar","status":"publish","type":"post","link":"https:\/\/derechosinfronteras.pe\/ingles\/pronunciamiento-contra-el-acoso-politico-a-las-mujeres-de-espinar\/","title":{"rendered":"[PRONUNCIAMIENTO] Contra el acoso pol\u00edtico a las mujeres de Espinar"},"content":{"rendered":"<p style=\"text-align: center;\">RESPALDAMOS EL TRABAJO DE LAS MUJERES DEFENSORAS DEL TERRITORIO DE ESPINAR EN LA DEFENSA DE<br \/>\nSUS DERECHOS Y DENUNCIAMOS ACTOS DE HOSTIGAMIENTO A SUS MIEMBROS.<\/p>\n<figure id=\"attachment_3557\" aria-describedby=\"caption-attachment-3557\" style=\"width: 960px\" class=\"wp-caption aligncenter\"><img fetchpriority=\"high\" decoding=\"async\" class=\"wp-image-3557 size-full\" src=\"http:\/\/derechosinfronteras.pe\/wp-content\/uploads\/2018\/02\/Pronunciamiento.jpg\" alt=\"\" width=\"960\" height=\"720\" \/><figcaption id=\"caption-attachment-3557\" class=\"wp-caption-text\">Asociaci\u00f3n de Defensoras del Territorio y Cultura\u00a0K\u2019ana, grupo de mujeres de Espinar que se articulan para defender sus derechos ante situaciones de injusticia.<\/figcaption><\/figure>\n<p style=\"text-align: justify;\">Diversas organizaciones de mujeres y de organismos de derechos humanos del Cusco, del Per\u00fa y de la Uni\u00f3n\u00a0Latinoamericana de Mujeres (ULAM) manifestamos nuestra preocupaci\u00f3n por los hechos que viene\u00a0ocurriendo en la provincia de <strong>Espinar<\/strong>; se han iniciado actos de hostigamiento, acoso social y pol\u00edtico en contra<br \/>\nde la <strong>Asociaci\u00f3n de Mujeres Defensoras del Territorio y Cultura K\u2019ana de Espinar<\/strong>, de modo particular contra la\u00a0defensora<strong> Elsa Merma Ccahua<\/strong>, los ataques se han incrementado contra ella en los \u00faltimos a\u00f1os, a ra\u00edz de los\u00a0cargos dirigenciales que ha ocupado en el <strong>Frente \u00danico de Defensa de los Intereses de Espinar \u2013 (FUDIE).<\/strong><\/p>\n<p style=\"text-align: justify;\"><strong>Consideramos altamente preocupante las campa\u00f1as de desprestigio, estigmatizaci\u00f3n, difamaci\u00f3n y violencia\u00a0f\u00edsica que se viene dando hacia defensoras y defensores de derechos humanos y sus familiares.<\/strong> Esta\u00a0lamentable campa\u00f1a est\u00e1 siendo impulsada por parte de algunos ex dirigentes, trabajadores municipales y\u00a0comunicadores de determinados programas radiales de la provincia de Espinar, quienes acusan sin pruebas a<strong>\u00a0Elsa Merma<\/strong> de estar asesorada, manipulada y pagada por las ONG\u2019s, incluso hasta de obedecer intereses\u00a0personales y partidarios, con ello <strong>quieren deslegitimar su participaci\u00f3n como lideresa en la provincia de\u00a0Espinar<\/strong>. Todo esto ocurre en una provincia donde existen serias denuncias de corrupci\u00f3n al gobierno local, y\u00a0cuestionamientos a la gran miner\u00eda por afectaciones al medio ambiente y la salud de las personas, entre otros.<\/p>\n<p style=\"text-align: justify;\">Por ello las organizaciones firmantes denunciamos los actos de hostigamiento y acoso social y pol\u00edtico que se vienen dando contra la <strong>Asociaci\u00f3n de Defensoras del Territorio y la Cultura K\u00b4ana de Espinar<\/strong>, en especial\u00a0contra la defensora<strong> Elsa Merma Ccahua<\/strong>; rechazamos la violencia hacia las mujeres que genera y\/o exacerba la\u00a0miner\u00eda, creando un ambiente hostil donde las defensoras deben realizar su labor con el consecuente riesgo\u00a0para ellas y sus familias.<\/p>\n<p style=\"text-align: justify;\">Respaldamos y reconocemos el trabajo que desarrolla la <strong>Asociaci\u00f3n de Defensoras del Territorio y Cultura\u00a0K\u2019ana<\/strong> y muchas otras mujeres de Espinar para defender sus derechos ante situaciones de injusticia y abuso de\u00a0poder por parte de autoridades locales de turno y otros grupos de poder econ\u00f3mico en la zona; as\u00ed mismo\u00a0demandamos a la Justicia Peruana, y las instancias que corresponde, garantizar el pleno ejercicio de derechos\u00a0de las mujeres de Espinar, <strong>por lo que es indispensable se investiguen los casos denunciados por el FUDIE sobre\u00a0hechos de corrupci\u00f3n en esa provincia.<\/strong><\/p>\n<p style=\"text-align: justify;\">Finalmente exhortamos a las organizaciones sociales de base y la poblaci\u00f3n espinarense a reconocer el valioso\u00a0aporte de las y los defensores de derechos humanos en la provincia de Espinar.<\/p>\n<p style=\"text-align: right;\">Espinar, 19 de febrero del 2018.<\/p>\n<p style=\"text-align: justify;\"><strong>Firman:<\/strong><br \/>\n<a href=\"https:\/\/www.facebook.com\/derechossinfronteras.pe\/?hc_ref=ARRQYAj4IdnDbBrBH0qpWLqHZU3li0DKLVZkTQUanJ9wmBSZ9slrAXZRMF7ywJFVSUU\" target=\"_blank\" rel=\"noopener\"><strong>&#8211; Derechos Humanos Sin Fronteras (DHSF) Cusco.<\/strong><\/a><br \/>\n<strong>&#8211; Coordinadora Nacional de Derechos Humanos.<\/strong><br \/>\n<strong>&#8211; Red Muqui.<\/strong><br \/>\n<strong>&#8211; Uni\u00f3n Latinoamericana de Mujeres (ULAM).<\/strong><\/p>","protected":false},"excerpt":{"rendered":"<p>RESPALDAMOS EL TRABAJO DE LAS MUJERES DEFENSORAS DEL TERRITORIO DE ESPINAR EN LA DEFENSA DE SUS DERECHOS Y DENUNCIAMOS ACTOS DE HOSTIGAMIENTO A SUS MIEMBROS. Diversas organizaciones de mujeres y de organismos de derechos humanos del Cusco, del Per\u00fa y de la Uni\u00f3n\u00a0Latinoamericana de Mujeres (ULAM) manifestamos nuestra preocupaci\u00f3n por los hechos que viene\u00a0ocurriendo en [&hellip;]<\/p>\n","protected":false},"author":1,"featured_media":4710,"comment_status":"closed","ping_status":"open","sticky":false,"template":"","format":"standard","meta":{"_monsterinsights_skip_tracking":false,"_monsterinsights_sitenote_active":false,"_monsterinsights_sitenote_note":"","_monsterinsights_sitenote_category":0,"_jetpack_memberships_contains_paid_content":false,"footnotes":"","jetpack_publicize_message":"","jetpack_publicize_feature_enabled":true,"jetpack_social_post_already_shared":false,"jetpack_social_options":{"image_generator_settings":{"template":"highway","default_image_id":0,"font":"","enabled":false},"version":2}},"categories":[1],"tags":[],"class_list":["post-4709","post","type-post","status-publish","format-standard","has-post-thumbnail","hentry","category-sin-categoria"],"blocksy_meta":[],"jetpack_publicize_connections":[],"jetpack_featured_media_url":"https:\/\/derechosinfronteras.pe\/wp-content\/uploads\/2018\/02\/Pronunciamientos-e1519661856970.jpg","jetpack_sharing_enabled":true,"jetpack_likes_enabled":true,"_links":{"self":[{"href":"https:\/\/derechosinfronteras.pe\/ingles\/wp-json\/wp\/v2\/posts\/4709","targetHints":{"allow":["GET"]}}],"collection":[{"href":"https:\/\/derechosinfronteras.pe\/ingles\/wp-json\/wp\/v2\/posts"}],"about":[{"href":"https:\/\/derechosinfronteras.pe\/ingles\/wp-json\/wp\/v2\/types\/post"}],"author":[{"embeddable":true,"href":"https:\/\/derechosinfronteras.pe\/ingles\/wp-json\/wp\/v2\/users\/1"}],"replies":[{"embeddable":true,"href":"https:\/\/derechosinfronteras.pe\/ingles\/wp-json\/wp\/v2\/comments?post=4709"}],"version-history":[{"count":0,"href":"https:\/\/derechosinfronteras.pe\/ingles\/wp-json\/wp\/v2\/posts\/4709\/revisions"}],"wp:featuredmedia":[{"embeddable":true,"href":"https:\/\/derechosinfronteras.pe\/ingles\/wp-json\/wp\/v2\/media\/4710"}],"wp:attachment":[{"href":"https:\/\/derechosinfronteras.pe\/ingles\/wp-json\/wp\/v2\/media?parent=4709"}],"wp:term":[{"taxonomy":"category","embeddable":true,"href":"https:\/\/derechosinfronteras.pe\/ingles\/wp-json\/wp\/v2\/categories?post=4709"},{"taxonomy":"post_tag","embeddable":true,"href":"https:\/\/derechosinfronteras.pe\/ingles\/wp-json\/wp\/v2\/tags?post=4709"}],"curies":[{"name":"wp","href":"https:\/\/api.w.org\/{rel}","templated":true}]}}