{"id":4714,"date":"2018-02-22T13:28:11","date_gmt":"2018-02-22T18:28:11","guid":{"rendered":"http:\/\/derechosinfronteras.pe\/?p=3545"},"modified":"2018-02-22T13:28:11","modified_gmt":"2018-02-22T18:28:11","slug":"chumbivilcas-vehiculo-de-mmg-las-bambas-genera-nuevo-derrame","status":"publish","type":"post","link":"https:\/\/derechosinfronteras.pe\/ingles\/chumbivilcas-vehiculo-de-mmg-las-bambas-genera-nuevo-derrame\/","title":{"rendered":"Chumbivilcas: Veh\u00edculo de MMG Las Bambas provoca nuevo derrame"},"content":{"rendered":"<p style=\"text-align: justify;\">Chumbivilcas. El pasado 20 de febrero, alrededor de las 11:00 a.m. en la ruta del puente <strong>Congunya Sayhua<\/strong>, uno de los veh\u00edculos de la empresa minera <strong>MMG Las Bambas<\/strong> sufri\u00f3 un accidente que provoc\u00f3 un derrame \u00a0de aproximadamente ocho toneladas material minero. Seg\u00fan el supervisor de la empresa minera, <strong>Rommel Vargas<\/strong>, el material derramado fue concentrado de cobre.<\/p>\n<p style=\"text-align: justify;\">La Placa del veh\u00edculo es\u00a0<strong>APG 835 &#8211; Caseta ADW977<\/strong>, y era conducido por <strong>Ronald Luna Mej\u00eda<\/strong>, quien fue llevado hasta la Comisar\u00eda de Santo Tomas, donde solo present\u00f3 su DNI y licencia de conducir, obviando el acta de remisi\u00f3n, en la que se indica que tipo de material transportaba. Tambi\u00e9n se le aplic\u00f3 un dosaje et\u00edlico, el cual hasta la fecha no tiene resultados.<\/p>\n<figure id=\"attachment_3546\" aria-describedby=\"caption-attachment-3546\" style=\"width: 720px\" class=\"wp-caption aligncenter\"><img fetchpriority=\"high\" decoding=\"async\" class=\"wp-image-3546 size-full\" src=\"http:\/\/derechosinfronteras.pe\/wp-content\/uploads\/2018\/02\/Accidente.jpg\" alt=\"\" width=\"720\" height=\"540\" \/><figcaption id=\"caption-attachment-3546\" class=\"wp-caption-text\">Veh\u00edculo de MMG Las Bambas provoc\u00f3 nuevo derrame en Chumbivilcas Foto: Reportero Chumbivilcas<\/figcaption><\/figure>\n<p style=\"text-align: justify;\"><strong>Maritza Taboada Zapata<\/strong>, Gerenta Municipal de Medio Ambiente de la <strong>Municipalidad Provincial de Chumbivilcas<\/strong>, declar\u00f3 para <a href=\"http:\/\/derechosinfronteras.pe\/ingles\/\">DHSF<\/a>, que el cami\u00f3n trasportaba 30 toneladas de material, distribuidos en dos encapsulados, el segundo de ellos se rompi\u00f3 y se est\u00e1 investigando si es por exceso de peso o de velocidad.\u00a0\u2018Estamos pidiendo a la comisaria una copia del acta de intervenci\u00f3n, de las fotograf\u00edas que se tomaron en el lugar, adem\u00e1s de los documentos que entreg\u00f3 el chofer, pues cuando llegamos a la zona, casi un 80% del material derramado ya estaba recogido. Adem\u00e1s hemos solicitado el plan de contingencia de la empresa minera, y ellos han manifestado que contrataran a una empresa tercera para evaluar el da\u00f1o ambiental\u2019 Sentenci\u00f3 Taboada.<\/p>\n<p style=\"text-align: justify;\"><strong>La Gerencia de Medio Ambiente<\/strong> tiene la prioridad de determinar el tipo de material derramado, pues existe la posibilidad de que se trate de relave minero. Para ello, es necesaria la gu\u00eda de remisi\u00f3n que debi\u00f3 entregar el chofer del veh\u00edculo, quien ha sido citado en tres oportunidades a la Comisar\u00eda y no se ha presentado. <strong>Maritza Taboada<\/strong> ha realizado las notificaciones correspondientes al\u00a0<em><strong>Organismo de Evaluaci\u00f3n y Fiscalizaci\u00f3n Ambiental<\/strong> &#8211;<\/em>\u00a0<strong>OEFA<\/strong>, instituci\u00f3n que le corresponde sancionar y realizar los estudios de impacto al medio ambiente en la zona del derrame.<\/p>","protected":false},"excerpt":{"rendered":"<p>Chumbivilcas. El pasado 20 de febrero, alrededor de las 11:00 a.m. en la ruta del puente Congunya Sayhua, uno de los veh\u00edculos de la empresa minera MMG Las Bambas sufri\u00f3 un accidente que provoc\u00f3 un derrame \u00a0de aproximadamente ocho toneladas material minero. Seg\u00fan el supervisor de la empresa minera, Rommel Vargas, el material derramado fue [&hellip;]<\/p>\n","protected":false},"author":1,"featured_media":4715,"comment_status":"closed","ping_status":"open","sticky":false,"template":"","format":"standard","meta":{"_monsterinsights_skip_tracking":false,"_monsterinsights_sitenote_active":false,"_monsterinsights_sitenote_note":"","_monsterinsights_sitenote_category":0,"_jetpack_memberships_contains_paid_content":false,"footnotes":"","jetpack_publicize_message":"","jetpack_publicize_feature_enabled":true,"jetpack_social_post_already_shared":false,"jetpack_social_options":{"image_generator_settings":{"template":"highway","default_image_id":0,"font":"","enabled":false},"version":2}},"categories":[1],"tags":[],"class_list":["post-4714","post","type-post","status-publish","format-standard","has-post-thumbnail","hentry","category-sin-categoria"],"blocksy_meta":[],"jetpack_publicize_connections":[],"jetpack_featured_media_url":"https:\/\/derechosinfronteras.pe\/wp-content\/uploads\/2018\/02\/Accidente.jpg","jetpack_sharing_enabled":true,"jetpack_likes_enabled":true,"_links":{"self":[{"href":"https:\/\/derechosinfronteras.pe\/ingles\/wp-json\/wp\/v2\/posts\/4714","targetHints":{"allow":["GET"]}}],"collection":[{"href":"https:\/\/derechosinfronteras.pe\/ingles\/wp-json\/wp\/v2\/posts"}],"about":[{"href":"https:\/\/derechosinfronteras.pe\/ingles\/wp-json\/wp\/v2\/types\/post"}],"author":[{"embeddable":true,"href":"https:\/\/derechosinfronteras.pe\/ingles\/wp-json\/wp\/v2\/users\/1"}],"replies":[{"embeddable":true,"href":"https:\/\/derechosinfronteras.pe\/ingles\/wp-json\/wp\/v2\/comments?post=4714"}],"version-history":[{"count":0,"href":"https:\/\/derechosinfronteras.pe\/ingles\/wp-json\/wp\/v2\/posts\/4714\/revisions"}],"wp:featuredmedia":[{"embeddable":true,"href":"https:\/\/derechosinfronteras.pe\/ingles\/wp-json\/wp\/v2\/media\/4715"}],"wp:attachment":[{"href":"https:\/\/derechosinfronteras.pe\/ingles\/wp-json\/wp\/v2\/media?parent=4714"}],"wp:term":[{"taxonomy":"category","embeddable":true,"href":"https:\/\/derechosinfronteras.pe\/ingles\/wp-json\/wp\/v2\/categories?post=4714"},{"taxonomy":"post_tag","embeddable":true,"href":"https:\/\/derechosinfronteras.pe\/ingles\/wp-json\/wp\/v2\/tags?post=4714"}],"curies":[{"name":"wp","href":"https:\/\/api.w.org\/{rel}","templated":true}]}}