{"id":4716,"date":"2018-02-22T10:24:33","date_gmt":"2018-02-22T15:24:33","guid":{"rendered":"http:\/\/derechosinfronteras.pe\/?p=3532"},"modified":"2018-02-22T10:24:33","modified_gmt":"2018-02-22T15:24:33","slug":"balance2017-coroccohayco-un-nuevo-proyecto-para-espinar","status":"publish","type":"post","link":"https:\/\/derechosinfronteras.pe\/ingles\/balance2017-coroccohayco-un-nuevo-proyecto-para-espinar\/","title":{"rendered":"Balance2017: COROCCOHAYCO, un nuevo proyecto para Espinar"},"content":{"rendered":"<p style=\"text-align: center;\"><strong>COROCCOHAYCO: un nuevo proyecto para Espinar<\/strong><\/p>\n<p style=\"text-align: center;\"><strong>Entre la imposici\u00f3n, legitimaci\u00f3n del Estado y la vulneraci\u00f3n de derechos humanos<\/strong><\/p>\n<h5 style=\"text-align: right;\">Jos\u00e9 Antonio Lapa Romero<br \/>\n\u00c1rea de Comunicaci\u00f3n e Incidencia DHSF \u2013 Cusco<\/h5>\n<p style=\"text-align: justify;\">Espinar a 100 a\u00f1os de su fundaci\u00f3n, ha estado (y esta) atravesando en parte de su trayectoria hist\u00f3rica por conflictos, di\u00e1logos, acuerdos incumplidos, personas afectadas a su salud, contaminaci\u00f3n ambiental, personas criminalizadas; la provincia es el vivo ejemplo del poder hegem\u00f3nico minero, de la fragmentaci\u00f3n y rearticulaci\u00f3n de las organizaciones sociales, de la resistencia y lucha permanente, y recientemente de acciones coercitivas por parte de Glencore de querer imponer su nuevo proyecto minero.<\/p>\n<p style=\"text-align: justify;\">En Espinar, Tintaya se encuentra en cierre, Antapaccay en operaci\u00f3n<sup>1<\/sup>\u00a0y Coroccohuayco en elaboraci\u00f3n de su Modificaci\u00f3n del Estudio de Impacto Ambiental detallado-MEIA<sup>2<\/sup>. Proyecto que ha venido a tomar el nombre extenso de \u201cProyecto Minero Antapaccay Expanci\u00f3n Tintaya \u2013 Integraci\u00f3n Coroccohuayco\u201d, cuya extensi\u00f3n del nombre adem\u00e1s tiene que ver con los beneficios tributarios que tiene (y tendr\u00eda) el proyecto al formar parte de Antapaccay.<\/p>\n<p style=\"text-align: justify;\">Seg\u00fan datos disponibles, es un proyecto minero a cielo abierto que tiene reservas de 290 millones de toneladas de una ley de cobre de 1.03%, y que implicar\u00e1 una capacidad de producci\u00f3n de 100 000 mil toneladas al a\u00f1o, un \u00e1rea efectiva de mina de 172 ha (de concesi\u00f3n de 10,665 ha)<sup>3<\/sup> y una vida promedio de m\u00e1s de 25 a\u00f1os<sup>4<\/sup>.<br \/>\n\u00bfA d\u00f3nde va Coroccohuayco? Glencore en octubre a iniciado el proceso de realizaci\u00f3n de talleres informativos en el marco de la elaboraci\u00f3n del MEIA del Proyecto Minero Antapaccay Expanci\u00f3n Tintaya \u2013 integraci\u00f3n Coroccohuayco, que en s\u00edntesis significa que bajo el nuevo marco de competencias y normativa en el Per\u00fa el EIA detallado del proyecto Coroccohuayco que hasta el 2014 hab\u00eda formulado la empresa minera, ahora se ha convertido en una modificaci\u00f3n del EIA del proyecto minero Antapaccay-Expansi\u00f3n Tintaya, conocido en la jerga ambiental como un MEIA, por lo que pasar\u00eda a estar bajo evaluaci\u00f3n y certificaci\u00f3n ambiental por el Servicio Nacional de Certificaci\u00f3n Ambiental para las Inversiones Sostenibles (SENACE).<\/p>\n<p style=\"text-align: justify;\">Este procedimiento administrativo que siguen las inversiones en el Per\u00fa, no tendr\u00eda mayor novedad si es que detr\u00e1s no se vinieran produciendo acciones que muestran el uso y abuso del poder minero y la violaci\u00f3n de derechos fundamentales de las comunidades.<\/p>\n<figure id=\"attachment_3541\" aria-describedby=\"caption-attachment-3541\" style=\"width: 620px\" class=\"wp-caption aligncenter\"><img fetchpriority=\"high\" decoding=\"async\" class=\"size-full wp-image-3541\" src=\"http:\/\/derechosinfronteras.pe\/wp-content\/uploads\/2018\/02\/Ccorcohuayco-Nuevo-Proyecto.jpeg\" alt=\"\" width=\"620\" height=\"356\" \/><figcaption id=\"caption-attachment-3541\" class=\"wp-caption-text\">\u00a0 \u00a0 \u00a0 \u00a0 \u00a0 \u00a0 \u00a0 \u00a0 \u00a0Glencore viene extendiendo sus proyectos mineros en Espinar. Foto Diario Gesti\u00f3n<\/figcaption><\/figure>\n<p style=\"text-align: justify;\">En efecto, tal como manifiesta un representante de la comunidad Huini Coroccohuayco, \u201cLa empresa minera se hab\u00eda comprometido a realizar la l\u00ednea base ambiental y social, pero hasta la fecha no ha realizado ning\u00fan recojo de informaci\u00f3n, cuando nos lleg\u00f3 Cartas M\u00faltiples inform\u00e1ndonos que el d\u00eda 25 de octubre se realizar\u00eda la reuni\u00f3n informativa, nosotros respondimos seg\u00fan la decisi\u00f3n de la asamblea que ten\u00eda que suspenderse esta actividad. Todas estas cartas de respuesta fueron enviadas al correo del SENACE y comunicadas telef\u00f3nicamente, a pesar de esta comunicaci\u00f3n el d\u00eda 24 de octubre por la noche, m\u00e1s o menos entre las 6 a 7 PM nos llega una carta M\u00faltiple N\u00b0 025 \u2013 2017 \u2013 SENACE-J\/DCA fedatada por un Notario P\u00fablico, donde se ratificaba la realizaci\u00f3n de la reuni\u00f3n informativa para el d\u00eda siguiente\u201d<sup>5<\/sup>.<\/p>\n<p style=\"text-align: justify;\">El abuso de poder de la minera contradice el c\u00f3digo de conducta de Glencore que afirma que \u201capoyamos y respetamos los derechos humanos de acuerdo con la Declaraci\u00f3n Universal de Derechos Humanos. Defendemos la dignidad, las libertades fundamentales y los derechos humanos de nuestros empleados, contratistas y comunidades donde vivimos y trabajamos, as\u00ed como de otras personas afectadas por nuestras actividades\u201d &#8211; y adem\u00e1s que ante cualquier inversi\u00f3n la participaci\u00f3n de las comunidades no se reduce ni termina con los talleres informativos sino con algo fundamental y que las comunidades tiene que exigir, el derecho a la consulta, porque con este proyecto minero no solo est\u00e1n en juego 25 a\u00f1os m\u00e1s de miner\u00eda en Espinar sino la afectaci\u00f3n ambiental, econ\u00f3mica y a los derechos humanos \u2013y la a\u00fan pendiente resoluci\u00f3n de los derechos violentados- y el desarrollo de la provincia que a\u00fan les es esquivo a la mayor\u00eda de la poblaci\u00f3n espinarense\u2022<\/p>\n<hr \/>\n<pre><strong> 1<\/strong> Seg\u00fan informaci\u00f3n del Anuario Minero 2016 del Ministerio de Energ\u00eda y Minas (MEM), en el 2014 produjo 167,117 toneladas de cobre, el 2015 203,360 y el 2016 alcanzo 221,399. Producci\u00f3n superior al aprobado en su Estudio de Impacto Ambiental (EIA). Consulta: 14 de noviembre de 2017 &lt; http:\/\/www.minem.gob.pe\/_publicacion.php?idSector=1&amp;idPublicacion=543&gt;\n <strong>2<\/strong> Seg\u00fan informaci\u00f3n oficial del SENACE. Consulta: 14 de noviembre de 2017 &lt;http:\/\/extranet.minem.gob.pe\/&gt;\n <strong>3<\/strong> BNAMERICAS. Coroccohuayco. Consulta: 14 de noviembre de 2017 &lt;https:\/\/www.bnamericas.com\/project-profile\/es\/corocco huayco-coroccohuayco&gt;\n<strong> 4<\/strong> GLENCORE. Antapaccay: del proyecto a la Operaci\u00f3n. Proyectos en construcci\u00f3n, confianza en el futuro\u201d. Consulta: 14 de noviembre de 2017 &lt;https:\/\/www.convencionminera.com\/perumin31\/encuentros\/topmining\/jueves19\/1630-luis-rivera.pdf&gt;\n <strong>5<\/strong> Entrevista realizada el 28 de octubre del 2017 a un representante de la comunidad de Huini Coroccohuayco. Entrevistador: DHSF.<\/pre>\n<p>&nbsp;<\/p>","protected":false},"excerpt":{"rendered":"<p>COROCCOHAYCO: un nuevo proyecto para Espinar Entre la imposici\u00f3n, legitimaci\u00f3n del Estado y la vulneraci\u00f3n de derechos humanos Jos\u00e9 Antonio Lapa Romero \u00c1rea de Comunicaci\u00f3n e Incidencia DHSF \u2013 Cusco Espinar a 100 a\u00f1os de su fundaci\u00f3n, ha estado (y esta) atravesando en parte de su trayectoria hist\u00f3rica por conflictos, di\u00e1logos, acuerdos incumplidos, personas afectadas [&hellip;]<\/p>\n","protected":false},"author":1,"featured_media":4717,"comment_status":"closed","ping_status":"open","sticky":false,"template":"","format":"standard","meta":{"_monsterinsights_skip_tracking":false,"_monsterinsights_sitenote_active":false,"_monsterinsights_sitenote_note":"","_monsterinsights_sitenote_category":0,"_jetpack_memberships_contains_paid_content":false,"footnotes":"","jetpack_publicize_message":"","jetpack_publicize_feature_enabled":true,"jetpack_social_post_already_shared":false,"jetpack_social_options":{"image_generator_settings":{"template":"highway","default_image_id":0,"font":"","enabled":false},"version":2}},"categories":[1],"tags":[],"class_list":["post-4716","post","type-post","status-publish","format-standard","has-post-thumbnail","hentry","category-sin-categoria"],"blocksy_meta":[],"jetpack_publicize_connections":[],"jetpack_featured_media_url":"https:\/\/derechosinfronteras.pe\/wp-content\/uploads\/2018\/02\/Ccorcohuayco-Nuevo-Proyecto.jpeg","jetpack_sharing_enabled":true,"jetpack_likes_enabled":true,"_links":{"self":[{"href":"https:\/\/derechosinfronteras.pe\/ingles\/wp-json\/wp\/v2\/posts\/4716","targetHints":{"allow":["GET"]}}],"collection":[{"href":"https:\/\/derechosinfronteras.pe\/ingles\/wp-json\/wp\/v2\/posts"}],"about":[{"href":"https:\/\/derechosinfronteras.pe\/ingles\/wp-json\/wp\/v2\/types\/post"}],"author":[{"embeddable":true,"href":"https:\/\/derechosinfronteras.pe\/ingles\/wp-json\/wp\/v2\/users\/1"}],"replies":[{"embeddable":true,"href":"https:\/\/derechosinfronteras.pe\/ingles\/wp-json\/wp\/v2\/comments?post=4716"}],"version-history":[{"count":0,"href":"https:\/\/derechosinfronteras.pe\/ingles\/wp-json\/wp\/v2\/posts\/4716\/revisions"}],"wp:featuredmedia":[{"embeddable":true,"href":"https:\/\/derechosinfronteras.pe\/ingles\/wp-json\/wp\/v2\/media\/4717"}],"wp:attachment":[{"href":"https:\/\/derechosinfronteras.pe\/ingles\/wp-json\/wp\/v2\/media?parent=4716"}],"wp:term":[{"taxonomy":"category","embeddable":true,"href":"https:\/\/derechosinfronteras.pe\/ingles\/wp-json\/wp\/v2\/categories?post=4716"},{"taxonomy":"post_tag","embeddable":true,"href":"https:\/\/derechosinfronteras.pe\/ingles\/wp-json\/wp\/v2\/tags?post=4716"}],"curies":[{"name":"wp","href":"https:\/\/api.w.org\/{rel}","templated":true}]}}