{"id":4718,"date":"2018-02-21T13:05:52","date_gmt":"2018-02-21T18:05:52","guid":{"rendered":"http:\/\/derechosinfronteras.pe\/?p=3527"},"modified":"2018-02-21T13:05:52","modified_gmt":"2018-02-21T18:05:52","slug":"espinar-fucae-se-pronuncia-contra-los-estados-de-emergencia-en-el-corredor-minero","status":"publish","type":"post","link":"https:\/\/derechosinfronteras.pe\/ingles\/espinar-fucae-se-pronuncia-contra-los-estados-de-emergencia-en-el-corredor-minero\/","title":{"rendered":"Espinar: FUCAE se pronuncia contra los Estados de Emergencia en el corredor minero"},"content":{"rendered":"<div class=\"tiled-gallery type-rectangular tiled-gallery-unresized\" data-original-width=\"1290\" data-carousel-extra='null' itemscope itemtype=\"http:\/\/schema.org\/ImageGallery\" > <div class=\"gallery-row\" style=\"width: 1290px; height: 876px;\" data-original-width=\"1290\" data-original-height=\"876\" > <div class=\"gallery-group images-1\" style=\"width: 1290px; height: 876px;\" data-original-width=\"1290\" data-original-height=\"876\" > <div class=\"tiled-gallery-item tiled-gallery-item-large\" itemprop=\"associatedMedia\" itemscope itemtype=\"http:\/\/schema.org\/ImageObject\"> <a href=\"https:\/\/derechosinfronteras.pe\/ingles\/chumbivilcas-retoma-protesta-por-compromisos-incumplidos-por-parte-de-las-bambas-y-del-ejecutivo\/foto-final-chumbi\/\" border=\"0\" itemprop=\"url\"> <meta itemprop=\"width\" content=\"1286\"> <meta itemprop=\"height\" content=\"872\"> <img loading=\"lazy\" decoding=\"async\" class=\"\" data-attachment-id=\"3528\" data-orig-file=\"https:\/\/derechosinfronteras.pe\/wp-content\/uploads\/2021\/08\/FOTO-FINAL-CHUMBI.jpg\" data-orig-size=\"1000,678\" data-comments-opened=\"1\" data-image-meta=\"{&quot;aperture&quot;:&quot;0&quot;,&quot;credit&quot;:&quot;&quot;,&quot;camera&quot;:&quot;&quot;,&quot;caption&quot;:&quot;&quot;,&quot;created_timestamp&quot;:&quot;0&quot;,&quot;copyright&quot;:&quot;&quot;,&quot;focal_length&quot;:&quot;0&quot;,&quot;iso&quot;:&quot;0&quot;,&quot;shutter_speed&quot;:&quot;0&quot;,&quot;title&quot;:&quot;&quot;,&quot;orientation&quot;:&quot;1&quot;}\" data-image-title=\"FOTO FINAL &amp;#8211; CHUMBI\" data-image-description=\"\" data-medium-file=\"https:\/\/derechosinfronteras.pe\/wp-content\/uploads\/2021\/08\/FOTO-FINAL-CHUMBI-300x203.jpg\" data-large-file=\"https:\/\/derechosinfronteras.pe\/wp-content\/uploads\/2021\/08\/FOTO-FINAL-CHUMBI-1024x694.jpg\" src=\"https:\/\/i0.wp.com\/derechosinfronteras.pe\/wp-content\/uploads\/2021\/08\/FOTO-FINAL-CHUMBI.jpg?w=1286&#038;h=872&#038;ssl=1\" srcset=\"https:\/\/derechosinfronteras.pe\/wp-content\/uploads\/2021\/08\/FOTO-FINAL-CHUMBI.jpg 1000w, https:\/\/derechosinfronteras.pe\/wp-content\/uploads\/2021\/08\/FOTO-FINAL-CHUMBI-300x203.jpg 300w, https:\/\/derechosinfronteras.pe\/wp-content\/uploads\/2021\/08\/FOTO-FINAL-CHUMBI-1024x694.jpg 1024w, https:\/\/derechosinfronteras.pe\/wp-content\/uploads\/2021\/08\/FOTO-FINAL-CHUMBI-768x521.jpg 768w\" width=\"1286\" height=\"872\" data-original-width=\"1286\" data-original-height=\"872\" itemprop=\"http:\/\/schema.org\/image\" title=\"FOTO FINAL - CHUMBI\" alt=\"FOTO FINAL - CHUMBI\" style=\"width: 1286px; height: 872px;\" \/> <\/a> <\/div> <\/div> <!-- close group --> <\/div> <!-- close row --> <\/div>\n<p style=\"text-align: justify;\">El pasado 18 de febrero, la Federaci\u00f3n Unificada de Campesinos de Espinar \u2013 FUCAE, se pronunci\u00f3 en contra de la <a href=\"http:\/\/derechosinfronteras.pe\/ingles\/gobierno-amplia-estado-de-emergencia-en-corredor-vial-minero-apurimac-cusco-arequipa\/\">ampliaci\u00f3n de la Declaratoria de Emergencia del Corredor Vial Minero Apur\u00edmac &#8211; Cusco &#8211; Arequipa<\/a>. Haciendo hincapi\u00e9 en la afectaci\u00f3n y vulneraci\u00f3n de derechos fundamentales a las comunidades originarias ubicadas en territorios cercanos al corredor.<\/p>\n<p style=\"text-align: justify;\">Para la FUCAE, este -nuevo- Estado de Emergencia afecta a m\u00e1s de 70 mil habitantes de la provincia de espinar, &#8216;profundizando la situaci\u00f3n de discriminaci\u00f3n, asimilaci\u00f3n y paternalismo de las actitudes y comportamientos racistas del Estado colonialista, particularmente de los funcionarios p\u00fablicos del Gobierno central&#8217;.<\/p>\n<p style=\"text-align: justify;\">En otro p\u00e1rrafo, la Federaci\u00f3n expresa que este tipo de medidas &#8216;preventivas, termina favoreciendo a las empresas transnacionales como Las Bambas, Hudbay y Glencore. Adem\u00e1s denuncian que una de las empresas que se beneficia con la actividad minera, es SERVOSA, que presta servicios como transportadora de minerales, cuyo due\u00f1o, ser\u00eda el actual Presidente del Per\u00fa, PPK. En el documento se expresa una profunda preocupaci\u00f3n por las cientos de personas que viven afectadas directamente por la contaminaci\u00f3n ambiental: metales t\u00f3xicos en su sangre, presencia de enfermedades extra\u00f1as, el deterioro de la actividad agr\u00edcola, enfermedades cr\u00f3nicas como anemia o desnutrici\u00f3n, entre otras.\u00a0 La FUCAE tambi\u00e9n cuestiona que se tomen este tipo de medidas, y no existan sanciones para la empresa que vienen generando accidentes de los veh\u00edculos transportadores y derrames de materiales t\u00f3xicos.<\/p>\n<p style=\"text-align: justify;\">Finalmente, el pronunciamiento de la FUCAE, exhorta a las 77 comunidades de Espinar, a denunciar cualquier tipo de vulneraci\u00f3n de parte del Gobierno, las empresas mineras, adem\u00e1s de solicitar el respaldo de todas las comunidades originarias del pa\u00eds, para exigir al Estado Peruano se respete su autonom\u00eda como comunidad originaria.<\/p>\n<p style=\"text-align: right;\">Foto Referencial.<\/p>\n<p>&nbsp;<\/p>","protected":false},"excerpt":{"rendered":"<p>El pasado 18 de febrero, la Federaci\u00f3n Unificada de Campesinos de Espinar \u2013 FUCAE, se pronunci\u00f3 en contra de la ampliaci\u00f3n de la Declaratoria de Emergencia del Corredor Vial Minero Apur\u00edmac &#8211; Cusco &#8211; Arequipa. Haciendo hincapi\u00e9 en la afectaci\u00f3n y vulneraci\u00f3n de derechos fundamentales a las comunidades originarias ubicadas en territorios cercanos al corredor. [&hellip;]<\/p>\n","protected":false},"author":1,"featured_media":4719,"comment_status":"closed","ping_status":"open","sticky":false,"template":"","format":"standard","meta":{"_monsterinsights_skip_tracking":false,"_monsterinsights_sitenote_active":false,"_monsterinsights_sitenote_note":"","_monsterinsights_sitenote_category":0,"_jetpack_memberships_contains_paid_content":false,"footnotes":"","jetpack_publicize_message":"","jetpack_publicize_feature_enabled":true,"jetpack_social_post_already_shared":false,"jetpack_social_options":{"image_generator_settings":{"template":"highway","default_image_id":0,"font":"","enabled":false},"version":2}},"categories":[1],"tags":[],"class_list":["post-4718","post","type-post","status-publish","format-standard","has-post-thumbnail","hentry","category-sin-categoria"],"blocksy_meta":[],"jetpack_publicize_connections":[],"jetpack_featured_media_url":"https:\/\/derechosinfronteras.pe\/wp-content\/uploads\/2018\/02\/12-y-13-Foto-el-Comercio-e1518541005456.jpeg","jetpack_sharing_enabled":true,"jetpack_likes_enabled":true,"_links":{"self":[{"href":"https:\/\/derechosinfronteras.pe\/ingles\/wp-json\/wp\/v2\/posts\/4718","targetHints":{"allow":["GET"]}}],"collection":[{"href":"https:\/\/derechosinfronteras.pe\/ingles\/wp-json\/wp\/v2\/posts"}],"about":[{"href":"https:\/\/derechosinfronteras.pe\/ingles\/wp-json\/wp\/v2\/types\/post"}],"author":[{"embeddable":true,"href":"https:\/\/derechosinfronteras.pe\/ingles\/wp-json\/wp\/v2\/users\/1"}],"replies":[{"embeddable":true,"href":"https:\/\/derechosinfronteras.pe\/ingles\/wp-json\/wp\/v2\/comments?post=4718"}],"version-history":[{"count":0,"href":"https:\/\/derechosinfronteras.pe\/ingles\/wp-json\/wp\/v2\/posts\/4718\/revisions"}],"wp:featuredmedia":[{"embeddable":true,"href":"https:\/\/derechosinfronteras.pe\/ingles\/wp-json\/wp\/v2\/media\/4719"}],"wp:attachment":[{"href":"https:\/\/derechosinfronteras.pe\/ingles\/wp-json\/wp\/v2\/media?parent=4718"}],"wp:term":[{"taxonomy":"category","embeddable":true,"href":"https:\/\/derechosinfronteras.pe\/ingles\/wp-json\/wp\/v2\/categories?post=4718"},{"taxonomy":"post_tag","embeddable":true,"href":"https:\/\/derechosinfronteras.pe\/ingles\/wp-json\/wp\/v2\/tags?post=4718"}],"curies":[{"name":"wp","href":"https:\/\/api.w.org\/{rel}","templated":true}]}}