{"id":4722,"date":"2018-02-19T13:58:19","date_gmt":"2018-02-19T18:58:19","guid":{"rendered":"http:\/\/derechosinfronteras.pe\/?p=3520"},"modified":"2018-02-19T13:58:19","modified_gmt":"2018-02-19T18:58:19","slug":"chumbivilcas-gobierno-regional-promoveria-nuevos-proyectos","status":"publish","type":"post","link":"https:\/\/derechosinfronteras.pe\/ingles\/chumbivilcas-gobierno-regional-promoveria-nuevos-proyectos\/","title":{"rendered":"Chumbivilcas: Gobierno Regional promover\u00eda nuevos proyectos"},"content":{"rendered":"<p style=\"text-align: justify;\">El pasado 15 de febrero, a partir de las 10 de la ma\u00f1ana, se desarroll\u00f3 la Mesa T\u00e9cnica de la provincia de Chumbivilcas. Este espacio de di\u00e1logo reuni\u00f3n en las instalaciones de Electro Sur, en Cusco, a lideras, l\u00edderes y autoridades de la provincia cusque\u00f1a, as\u00ed como representaci\u00f3n del Gobierno Regional de Cusco.<\/p>\n<p style=\"text-align: justify;\">La reuni\u00f3n tambi\u00e9n cont\u00f3 con la participaci\u00f3n de la Presidencia Colegiada del Gobierno Central, y de la provincia de Chumbivilcas. Cabe se\u00f1alar que la presidencia colegiada del gobierno central, garantiz\u00f3 la presencia de representantes de la Direcci\u00f3n Regional de Educaci\u00f3n, Direcci\u00f3n Regional de Salud, Direcci\u00f3n Regional de Agricultura y el Ministerio de Vivienda, Construcci\u00f3n y Saneamiento.\u00a0Despu\u00e9s de muchas hora de debate, se acord\u00f3 viabilizar proyectos que se desarrollen en articulaci\u00f3n entre el gobierno provincial y regional, y sus respectivas gerencias.<\/p>\n<p style=\"text-align: justify;\">Entre los proyectos priorizados est\u00e1n la construcci\u00f3n de carreteras de la ruta Ranracasa &#8211; Colquemarca, elaboraci\u00f3n del estudio de factibilidad del proyecto Colquemarca &#8211; Charamuray, adem\u00e1s de proyecto de promoci\u00f3n de la agricultura que mejore las condiciones de vida de las comunidades m\u00e1s pobres de Chumbivilcas.<\/p>\n<p style=\"text-align: justify;\">Otro tema importante que se evalu\u00f3 fue el de la miner\u00eda ilegal. La Direcci\u00f3n de Energ\u00eda y Minas, se comprometi\u00f3 a cumplir un rol fiscalizador que permita que esta actividad no siga creciendo.<\/p>\n<p>&nbsp;<\/p>\n<p style=\"text-align: right;\">Foto: MPCH<\/p>\n<p>&nbsp;<\/p>","protected":false},"excerpt":{"rendered":"<p>El pasado 15 de febrero, a partir de las 10 de la ma\u00f1ana, se desarroll\u00f3 la Mesa T\u00e9cnica de la provincia de Chumbivilcas. Este espacio de di\u00e1logo reuni\u00f3n en las instalaciones de Electro Sur, en Cusco, a lideras, l\u00edderes y autoridades de la provincia cusque\u00f1a, as\u00ed como representaci\u00f3n del Gobierno Regional de Cusco. La reuni\u00f3n [&hellip;]<\/p>\n","protected":false},"author":1,"featured_media":4723,"comment_status":"closed","ping_status":"open","sticky":false,"template":"","format":"standard","meta":{"_monsterinsights_skip_tracking":false,"_monsterinsights_sitenote_active":false,"_monsterinsights_sitenote_note":"","_monsterinsights_sitenote_category":0,"_jetpack_memberships_contains_paid_content":false,"footnotes":"","jetpack_publicize_message":"","jetpack_publicize_feature_enabled":true,"jetpack_social_post_already_shared":false,"jetpack_social_options":{"image_generator_settings":{"template":"highway","default_image_id":0,"font":"","enabled":false},"version":2}},"categories":[1],"tags":[],"class_list":["post-4722","post","type-post","status-publish","format-standard","has-post-thumbnail","hentry","category-sin-categoria"],"blocksy_meta":[],"jetpack_publicize_connections":[],"jetpack_featured_media_url":"https:\/\/derechosinfronteras.pe\/wp-content\/uploads\/2018\/02\/Mesa-de-Chumbi.jpg","jetpack_sharing_enabled":true,"jetpack_likes_enabled":true,"_links":{"self":[{"href":"https:\/\/derechosinfronteras.pe\/ingles\/wp-json\/wp\/v2\/posts\/4722","targetHints":{"allow":["GET"]}}],"collection":[{"href":"https:\/\/derechosinfronteras.pe\/ingles\/wp-json\/wp\/v2\/posts"}],"about":[{"href":"https:\/\/derechosinfronteras.pe\/ingles\/wp-json\/wp\/v2\/types\/post"}],"author":[{"embeddable":true,"href":"https:\/\/derechosinfronteras.pe\/ingles\/wp-json\/wp\/v2\/users\/1"}],"replies":[{"embeddable":true,"href":"https:\/\/derechosinfronteras.pe\/ingles\/wp-json\/wp\/v2\/comments?post=4722"}],"version-history":[{"count":0,"href":"https:\/\/derechosinfronteras.pe\/ingles\/wp-json\/wp\/v2\/posts\/4722\/revisions"}],"wp:featuredmedia":[{"embeddable":true,"href":"https:\/\/derechosinfronteras.pe\/ingles\/wp-json\/wp\/v2\/media\/4723"}],"wp:attachment":[{"href":"https:\/\/derechosinfronteras.pe\/ingles\/wp-json\/wp\/v2\/media?parent=4722"}],"wp:term":[{"taxonomy":"category","embeddable":true,"href":"https:\/\/derechosinfronteras.pe\/ingles\/wp-json\/wp\/v2\/categories?post=4722"},{"taxonomy":"post_tag","embeddable":true,"href":"https:\/\/derechosinfronteras.pe\/ingles\/wp-json\/wp\/v2\/tags?post=4722"}],"curies":[{"name":"wp","href":"https:\/\/api.w.org\/{rel}","templated":true}]}}