{"id":4732,"date":"2018-02-09T16:47:28","date_gmt":"2018-02-09T21:47:28","guid":{"rendered":"http:\/\/derechosinfronteras.pe\/?p=3503"},"modified":"2018-02-09T16:47:28","modified_gmt":"2018-02-09T21:47:28","slug":"onu-pide-crear-coalicion-mundial-de-defensores-de-ddhh","status":"publish","type":"post","link":"https:\/\/derechosinfronteras.pe\/ingles\/onu-pide-crear-coalicion-mundial-de-defensores-de-ddhh\/","title":{"rendered":"ONU pide crear coalici\u00f3n mundial de defensores de DDHH"},"content":{"rendered":"<p style=\"text-align: justify;\"><strong>09 de febrero.<\/strong> El relator especial de la ONU, Michel Forst, destac\u00f3 en su visita a Guatemala la necesidad de crear una coalici\u00f3n mundial de defensoras y defensores de derechos humanos para unir esfuerzos en la protecci\u00f3n de sus vidas y derechos fundamentales. La propuesta se dio en el marco de un foro organizado por el Alto Comisionado de las Naciones Unidas para los Derechos Humanos, que reuni\u00f3 a defensoras, defensores, j\u00f3venes, ind\u00edgenas, actividades y pol\u00edticos.<\/p>\n<p style=\"text-align: justify;\">En su visita al pa\u00eds centroamericano, Forst, se reuni\u00f3 con diferentes grupos y entidades del Estado para apoyar la aplicaci\u00f3n de una pol\u00edtica p\u00fablica de protecci\u00f3n a quienes asumen liderazgo en la defensa y protecci\u00f3n de los derechos de poblaciones m\u00e1s vulnerables. En un comunicado, Forst record\u00f3 la necesidad de implementar dicha pol\u00edtica p\u00fablica y manifest\u00f3 su preocupaci\u00f3n ante el contexto de vulnerabilidad de los defensores de derechos humanos, principalmente en los pa\u00edses de Latinoam\u00e9rica.<\/p>\n<p style=\"text-align: justify;\">En su presentaci\u00f3n, Forst tambi\u00e9n denunci\u00f3 a los Estados y a las empresas trasnacionales de atacar de manera estrat\u00e9gica a los activistas. Tambi\u00e9n refiri\u00f3 que existen ataques de tipo \u00abcibern\u00e9tico\u00bb para atacar o investigar a las y los defensores. Finalmente, inst\u00f3 a denunciar cualquier tipo de hostigamiento a quienes velan por los derechos humanos en todo el mundo.<\/p>\n<p>&nbsp;<\/p>","protected":false},"excerpt":{"rendered":"<p>09 de febrero. El relator especial de la ONU, Michel Forst, destac\u00f3 en su visita a Guatemala la necesidad de crear una coalici\u00f3n mundial de defensoras y defensores de derechos humanos para unir esfuerzos en la protecci\u00f3n de sus vidas y derechos fundamentales. La propuesta se dio en el marco de un foro organizado por [&hellip;]<\/p>\n","protected":false},"author":1,"featured_media":4733,"comment_status":"closed","ping_status":"open","sticky":false,"template":"","format":"standard","meta":{"_monsterinsights_skip_tracking":false,"_monsterinsights_sitenote_active":false,"_monsterinsights_sitenote_note":"","_monsterinsights_sitenote_category":0,"_jetpack_memberships_contains_paid_content":false,"footnotes":"","jetpack_publicize_message":"","jetpack_publicize_feature_enabled":true,"jetpack_social_post_already_shared":false,"jetpack_social_options":{"image_generator_settings":{"template":"highway","default_image_id":0,"font":"","enabled":false},"version":2}},"categories":[1],"tags":[],"class_list":["post-4732","post","type-post","status-publish","format-standard","has-post-thumbnail","hentry","category-sin-categoria"],"blocksy_meta":[],"jetpack_publicize_connections":[],"jetpack_featured_media_url":"https:\/\/derechosinfronteras.pe\/wp-content\/uploads\/2018\/02\/michel_forst__foto_24_horas.jpg_1951138600.jpg","jetpack_sharing_enabled":true,"jetpack_likes_enabled":true,"_links":{"self":[{"href":"https:\/\/derechosinfronteras.pe\/ingles\/wp-json\/wp\/v2\/posts\/4732","targetHints":{"allow":["GET"]}}],"collection":[{"href":"https:\/\/derechosinfronteras.pe\/ingles\/wp-json\/wp\/v2\/posts"}],"about":[{"href":"https:\/\/derechosinfronteras.pe\/ingles\/wp-json\/wp\/v2\/types\/post"}],"author":[{"embeddable":true,"href":"https:\/\/derechosinfronteras.pe\/ingles\/wp-json\/wp\/v2\/users\/1"}],"replies":[{"embeddable":true,"href":"https:\/\/derechosinfronteras.pe\/ingles\/wp-json\/wp\/v2\/comments?post=4732"}],"version-history":[{"count":0,"href":"https:\/\/derechosinfronteras.pe\/ingles\/wp-json\/wp\/v2\/posts\/4732\/revisions"}],"wp:featuredmedia":[{"embeddable":true,"href":"https:\/\/derechosinfronteras.pe\/ingles\/wp-json\/wp\/v2\/media\/4733"}],"wp:attachment":[{"href":"https:\/\/derechosinfronteras.pe\/ingles\/wp-json\/wp\/v2\/media?parent=4732"}],"wp:term":[{"taxonomy":"category","embeddable":true,"href":"https:\/\/derechosinfronteras.pe\/ingles\/wp-json\/wp\/v2\/categories?post=4732"},{"taxonomy":"post_tag","embeddable":true,"href":"https:\/\/derechosinfronteras.pe\/ingles\/wp-json\/wp\/v2\/tags?post=4732"}],"curies":[{"name":"wp","href":"https:\/\/api.w.org\/{rel}","templated":true}]}}