{"id":4735,"date":"2018-02-07T13:42:29","date_gmt":"2018-02-07T18:42:29","guid":{"rendered":"http:\/\/derechosinfronteras.pe\/?p=3494"},"modified":"2018-02-07T13:42:29","modified_gmt":"2018-02-07T18:42:29","slug":"espinar-gobierno-insiste-en-suspender-mesas-de-dialogo","status":"publish","type":"post","link":"https:\/\/derechosinfronteras.pe\/ingles\/espinar-gobierno-insiste-en-suspender-mesas-de-dialogo\/","title":{"rendered":"Espinar: Gobierno insiste en suspender mesas de di\u00e1logo"},"content":{"rendered":"<p style=\"text-align: justify;\">Como se hab\u00eda pactado d\u00edas atr\u00e1s, para ayer, 06 de febrero, estaba programada una nueva reuni\u00f3n para revisar el Convenio Marco con la empresa minera \u2018Antapaccay\u2019, de la trasnacional \u2018Glencore\u2019. Sin embargo, y nuevamente, por la ausencia de representantes de la empresa, y otros funcionarios, se decidi\u00f3 postergar dicha reuni\u00f3n.\u00a0 Esta situaci\u00f3n fue cuestionada por dirigentes y autoridades de Espinar, pues era un espacio cuya agenda principal era la de evaluar la destinaci\u00f3n del presupuesto (d\u00e9cimo tercer aporte) para atender situaciones de afectaci\u00f3n a la salud humana por metales t\u00f3xicos. Cabe se\u00f1alar, que no es la primera vez que se postergan espacios de di\u00e1logo de mucha importancia para la poblaci\u00f3n espinarense. La nueva reuni\u00f3n se realizar\u00eda el pr\u00f3ximo 13 de febrero.<\/p>\n<p style=\"text-align: justify;\">De otro lado, para hoy, 07 de febrero, tambi\u00e9n debi\u00f3 realizarse una reuni\u00f3n entre alcaldes, l\u00edderes sociales de Espinar y funcionarios del Ministerio de Agricultura para revisar la situaci\u00f3n de proyectos financiados por el Fondo de Sierra Azul. Con oficio N\u00b00010-2018, el <strong>Ministerio de Agricultura y Riego<\/strong>, a trav\u00e9s de su oficina de Direcci\u00f3n General de Infraestructura y Riego, se dirigieron a todos los alcaldes\u00a0distritales y al alcalde provincial de Espinar, Manuel Salina Zapata, para solicitar la postergaci\u00f3n de esta asamblea para el 27 de febrero. El documento sustenta que la raz\u00f3n principal de suspensi\u00f3n es debido a los cambios de funcionarios dentro de la cartera de Agricultura.<\/p>\n<p style=\"text-align: justify;\">En ambas reuniones participan las organizaciones sociales como el <strong>FUDIE, FUCAE, AUPE, Cuenca Ca\u00f1ipia, Cuenca Salado<\/strong>, entre otras, quienes se han pronunciado en contra de las decisiones del gobierno, pues se est\u00e1 convirtiendo en una acci\u00f3n reiterativa que termina por bloquear el di\u00e1logo e intensificar los conflictos.<\/p>\n<p>&nbsp;<\/p>\n<p>&nbsp;<\/p>","protected":false},"excerpt":{"rendered":"<p>Como se hab\u00eda pactado d\u00edas atr\u00e1s, para ayer, 06 de febrero, estaba programada una nueva reuni\u00f3n para revisar el Convenio Marco con la empresa minera \u2018Antapaccay\u2019, de la trasnacional \u2018Glencore\u2019. Sin embargo, y nuevamente, por la ausencia de representantes de la empresa, y otros funcionarios, se decidi\u00f3 postergar dicha reuni\u00f3n.\u00a0 Esta situaci\u00f3n fue cuestionada por [&hellip;]<\/p>\n","protected":false},"author":1,"featured_media":4736,"comment_status":"closed","ping_status":"open","sticky":false,"template":"","format":"standard","meta":{"_monsterinsights_skip_tracking":false,"_monsterinsights_sitenote_active":false,"_monsterinsights_sitenote_note":"","_monsterinsights_sitenote_category":0,"_jetpack_memberships_contains_paid_content":false,"footnotes":"","jetpack_publicize_message":"","jetpack_publicize_feature_enabled":true,"jetpack_social_post_already_shared":false,"jetpack_social_options":{"image_generator_settings":{"template":"highway","default_image_id":0,"font":"","enabled":false},"version":2}},"categories":[1],"tags":[],"class_list":["post-4735","post","type-post","status-publish","format-standard","has-post-thumbnail","hentry","category-sin-categoria"],"blocksy_meta":[],"jetpack_publicize_connections":[],"jetpack_featured_media_url":"https:\/\/derechosinfronteras.pe\/wp-content\/uploads\/2018\/02\/Foto-Mesa-Espinar-interior_3-e1518028926993.jpg","jetpack_sharing_enabled":true,"jetpack_likes_enabled":true,"_links":{"self":[{"href":"https:\/\/derechosinfronteras.pe\/ingles\/wp-json\/wp\/v2\/posts\/4735","targetHints":{"allow":["GET"]}}],"collection":[{"href":"https:\/\/derechosinfronteras.pe\/ingles\/wp-json\/wp\/v2\/posts"}],"about":[{"href":"https:\/\/derechosinfronteras.pe\/ingles\/wp-json\/wp\/v2\/types\/post"}],"author":[{"embeddable":true,"href":"https:\/\/derechosinfronteras.pe\/ingles\/wp-json\/wp\/v2\/users\/1"}],"replies":[{"embeddable":true,"href":"https:\/\/derechosinfronteras.pe\/ingles\/wp-json\/wp\/v2\/comments?post=4735"}],"version-history":[{"count":0,"href":"https:\/\/derechosinfronteras.pe\/ingles\/wp-json\/wp\/v2\/posts\/4735\/revisions"}],"wp:featuredmedia":[{"embeddable":true,"href":"https:\/\/derechosinfronteras.pe\/ingles\/wp-json\/wp\/v2\/media\/4736"}],"wp:attachment":[{"href":"https:\/\/derechosinfronteras.pe\/ingles\/wp-json\/wp\/v2\/media?parent=4735"}],"wp:term":[{"taxonomy":"category","embeddable":true,"href":"https:\/\/derechosinfronteras.pe\/ingles\/wp-json\/wp\/v2\/categories?post=4735"},{"taxonomy":"post_tag","embeddable":true,"href":"https:\/\/derechosinfronteras.pe\/ingles\/wp-json\/wp\/v2\/tags?post=4735"}],"curies":[{"name":"wp","href":"https:\/\/api.w.org\/{rel}","templated":true}]}}