{"id":4739,"date":"2018-02-01T21:22:33","date_gmt":"2018-02-02T02:22:33","guid":{"rendered":"http:\/\/derechosinfronteras.pe\/?p=3479"},"modified":"2018-02-01T21:22:33","modified_gmt":"2018-02-02T02:22:33","slug":"personas-afectadas-por-metales-toxicos-piden-al-minsa-retomar-compromisos-y-politica-de-atencion","status":"publish","type":"post","link":"https:\/\/derechosinfronteras.pe\/ingles\/personas-afectadas-por-metales-toxicos-piden-al-minsa-retomar-compromisos-y-politica-de-atencion\/","title":{"rendered":"Personas afectadas por metales t\u00f3xicos piden al MINSA retomar compromisos y pol\u00edtica de atenci\u00f3n"},"content":{"rendered":"<blockquote>\n<h5 style=\"text-align: justify;\"><span style=\"color: #008080;\">Personas afectadas por metales t\u00f3xicos producto de la actividad minera e hidrocarburos tendr\u00e1 una reuni\u00f3n de trabajo el 01 de marzo con el ministro de salud, Abel Hern\u00e1n Salinas Rivas.<\/span><\/h5>\n<\/blockquote>\n<p style=\"text-align: justify;\">El Comit\u00e9 Impulsor de la Plataforma Nacional de Afectados por Metales T\u00f3xicos present\u00f3 un documento al Ministerio de Salud (MINSA) <strong>pidiendo una intervenci\u00f3n multisectorial para atender los impactos que tiene la actividad extractiva en la salud humana y una reuni\u00f3n donde pudieran retomarse los compromisos que ya se habian hecho desde el ministerio.<\/strong><\/p>\n<p style=\"text-align: justify;\">La reuni\u00f3n de trabajo del jueves 01 de marzo ser\u00e1 en las instalaciones del MINSA, estar\u00e1 \u00a0presente el comit\u00e9 impulsor de afectados por metales t\u00f3xicos; el ministro de salud, Abel Hern\u00e1n Salinas junto con su equipo t\u00e9cnico y asesores; entre los puntos que se ha propuesto para ese d\u00eda son:<\/p>\n<p style=\"text-align: justify;\"><strong>&#8211; Informaci\u00f3n sobre la pol\u00edtica del sector salud en la prevenci\u00f3n y protecci\u00f3n de la poblaci\u00f3n afectada por metales t\u00f3xicos.<\/strong><\/p>\n<p style=\"text-align: justify;\"><strong>&#8211; Conformaci\u00f3n de una comisi\u00f3n multisectorial con la finalidad de tratar los temas de contaminaci\u00f3n y la atenci\u00f3n a personas afectadas.<\/strong><\/p>\n<blockquote>\n<h6 style=\"text-align: justify;\"><img fetchpriority=\"high\" decoding=\"async\" class=\"aligncenter size-full wp-image-3481\" src=\"http:\/\/derechosinfronteras.pe\/wp-content\/uploads\/2018\/02\/WhatsApp-Image-2018-02-01-at-6.06.31-PM.jpg\" alt=\"\" width=\"585\" height=\"938\" \/>Representantes de nueve regiones del pa\u00eds est\u00e1n pidiendo al MINSA retomar los compromisos que deber\u00eda tener el Estado hacia las poblaciones afectadas por contaminaci\u00f3n ambiental e impacto en la salud humana.<\/h6>\n<\/blockquote>\n<p style=\"text-align: justify;\">El 01 de diciembre del 2017 se tuvo una reuni\u00f3n con el entonces ministro, Fernado D\u00b4Alessio, tras su salida, <strong>est\u00e1 pendiente coordinar una intervenci\u00f3n multisectorial que involucre a los ministerios como de Energ\u00eda y Minas, Ambiente, Econom\u00eda y Finanzas, entre otras carteras claves para atender esta problem\u00e1tica.<\/strong> <a href=\"http:\/\/derechosinfronteras.pe\/ingles\/ministro-de-salud-se-reune-con-personas-afectadas-por-metales-toxicos\/\">Aqui puedes ver esta nota.<\/a><\/p>\n<p>&nbsp;<\/p>\n<p>&nbsp;<\/p>","protected":false},"excerpt":{"rendered":"<p>Personas afectadas por metales t\u00f3xicos producto de la actividad minera e hidrocarburos tendr\u00e1 una reuni\u00f3n de trabajo el 01 de marzo con el ministro de salud, Abel Hern\u00e1n Salinas Rivas. El Comit\u00e9 Impulsor de la Plataforma Nacional de Afectados por Metales T\u00f3xicos present\u00f3 un documento al Ministerio de Salud (MINSA) pidiendo una intervenci\u00f3n multisectorial para [&hellip;]<\/p>\n","protected":false},"author":1,"featured_media":4740,"comment_status":"closed","ping_status":"open","sticky":false,"template":"","format":"standard","meta":{"_monsterinsights_skip_tracking":false,"_monsterinsights_sitenote_active":false,"_monsterinsights_sitenote_note":"","_monsterinsights_sitenote_category":0,"_jetpack_memberships_contains_paid_content":false,"footnotes":"","jetpack_publicize_message":"","jetpack_publicize_feature_enabled":true,"jetpack_social_post_already_shared":false,"jetpack_social_options":{"image_generator_settings":{"template":"highway","default_image_id":0,"font":"","enabled":false},"version":2}},"categories":[1],"tags":[],"class_list":["post-4739","post","type-post","status-publish","format-standard","has-post-thumbnail","hentry","category-sin-categoria"],"blocksy_meta":[],"jetpack_publicize_connections":[],"jetpack_featured_media_url":"https:\/\/derechosinfronteras.pe\/wp-content\/uploads\/2018\/02\/Afectados-Metales-Toxicos.jpg","jetpack_sharing_enabled":true,"jetpack_likes_enabled":true,"_links":{"self":[{"href":"https:\/\/derechosinfronteras.pe\/ingles\/wp-json\/wp\/v2\/posts\/4739","targetHints":{"allow":["GET"]}}],"collection":[{"href":"https:\/\/derechosinfronteras.pe\/ingles\/wp-json\/wp\/v2\/posts"}],"about":[{"href":"https:\/\/derechosinfronteras.pe\/ingles\/wp-json\/wp\/v2\/types\/post"}],"author":[{"embeddable":true,"href":"https:\/\/derechosinfronteras.pe\/ingles\/wp-json\/wp\/v2\/users\/1"}],"replies":[{"embeddable":true,"href":"https:\/\/derechosinfronteras.pe\/ingles\/wp-json\/wp\/v2\/comments?post=4739"}],"version-history":[{"count":0,"href":"https:\/\/derechosinfronteras.pe\/ingles\/wp-json\/wp\/v2\/posts\/4739\/revisions"}],"wp:featuredmedia":[{"embeddable":true,"href":"https:\/\/derechosinfronteras.pe\/ingles\/wp-json\/wp\/v2\/media\/4740"}],"wp:attachment":[{"href":"https:\/\/derechosinfronteras.pe\/ingles\/wp-json\/wp\/v2\/media?parent=4739"}],"wp:term":[{"taxonomy":"category","embeddable":true,"href":"https:\/\/derechosinfronteras.pe\/ingles\/wp-json\/wp\/v2\/categories?post=4739"},{"taxonomy":"post_tag","embeddable":true,"href":"https:\/\/derechosinfronteras.pe\/ingles\/wp-json\/wp\/v2\/tags?post=4739"}],"curies":[{"name":"wp","href":"https:\/\/api.w.org\/{rel}","templated":true}]}}