{"id":4742,"date":"2018-02-01T12:08:21","date_gmt":"2018-02-01T17:08:21","guid":{"rendered":"http:\/\/derechosinfronteras.pe\/?p=3474"},"modified":"2018-02-01T12:08:21","modified_gmt":"2018-02-01T17:08:21","slug":"pronunciamiento-preocupacion-por-el-otorgamiento-del-indulto-irregular-a-alberto-fujimori","status":"publish","type":"post","link":"https:\/\/derechosinfronteras.pe\/ingles\/pronunciamiento-preocupacion-por-el-otorgamiento-del-indulto-irregular-a-alberto-fujimori\/","title":{"rendered":"Pronunciamiento: Preocupaci\u00f3n por el otorgamiento del Indulto irregular a Alberto Fujimori"},"content":{"rendered":"<p style=\"text-align: right;\"><em>Bruselas, 29.01.2018<\/em><\/p>\n<p style=\"text-align: justify;\"><strong>La Plataforma Europa Per\u00fa (PEP), la Red EU-LAT (ex CIFCA y Grupo Sur) y la CIDSE quieren expresar a la Uni\u00f3n Europea su m\u00e1s alta preocupaci\u00f3n por la situaci\u00f3n de los derechos humanos en el Per\u00fa,<\/strong> a ra\u00edz del indulto humanitario otorgado el pasado 24 de diciembre por el presidente Pedro Pablo Kuczynski al ex mandatario Alberto Fujimori, sentenciado a 25 a\u00f1os de prisi\u00f3n por graves violaciones a los derechos humanos. Las tres redes de sociedad civil hacen un llamado a la Uni\u00f3n Europea y a sus Estados Miembros a pronunciarse ante esta situaci\u00f3n y solicitar al Estado peruano que garantice el debido respeto al derecho de las v\u00edctimas y\/o familiares de obtener verdad, justicia, y reparaci\u00f3n, as\u00ed como garantizar el efectivo cumplimiento de su parte de las normas y sentencias jur\u00eddicas nacionales e internacionales.<\/p>\n<p style=\"text-align: justify;\"><strong>Tal como lo se\u00f1ala la Comisi\u00f3n Interamericana de Derechos Humanos (CIDH)1, el otorgamiento de este indulto por supuestos motivos de salud, no cumple con los requisitos legales fundamentales como tampoco con los elementos del debido proceso legal e independencia y transparencia de la junta de evaluaci\u00f3n t\u00e9cnica<\/strong>, lo cual pone en serias dudas los avances conseguidos en los \u00faltimos a\u00f1os en la consolidaci\u00f3n de la democracia y el Estado de derecho, principios centrales en la pol\u00edtica exterior de la Uni\u00f3n Europea con el Per\u00fa. Asimismo, representa un grave retroceso en la b\u00fasqueda de verdad, justicia y reparaci\u00f3n2 para todas las v\u00edctimas del conflicto interno vividos en el pa\u00eds entre los a\u00f1os 1980 y 2000.<\/p>\n<blockquote>\n<p style=\"text-align: justify;\"><em>Alberto Fujimori fue sentenciado el 7 de abril de 2009 a 25 a\u00f1os de prisi\u00f3n por graves violaciones a los derechos humanos y por delito de lesa humanidad, sentencia confirmada el 30 de diciembre de 2009 por la Corte Suprema de justicia de la Rep\u00fablica del Per\u00fa. Entre los hechos que justificaron dicha condena, est\u00e1n el asesinato de 9 estudiantes y un profesor de la Universidad La Cantuta (Caso Cantuta), Lima; as\u00ed como el asesinato de 15 personas en Barrio Altos, Lima (Caso Barrios Altos).<\/em><\/p>\n<\/blockquote>\n<p style=\"text-align: justify;\">Estos crimines fueron considerados por la Corte Interamericana de Derechos Humanos (CIDH) como crimines de lesa humanidad en su sentencia de 2011. Seg\u00fan el derecho internacional de derechos humanos y por mandato expreso de la propia Corte Interamericana, <strong>los crimines de lesa humanidad no pueden ser objeto de indultos o amnist\u00edas<\/strong>, dada la gravedad de los delitos por los cuales las personas sentenciadas hayan sido encontradas culpables. Igualmente, es necesario precisar que, durante otros procesos, tambi\u00e9n se conden\u00f3 a Alberto Fujimori por delitos de corrupci\u00f3n de funcionarios y desv\u00edo de fondos del Estado.<\/p>\n<p style=\"text-align: justify;\"><strong>Cabe recordar que el indulto ha sido otorgado en medio de una grave crisis pol\u00edtica en el Per\u00fa<\/strong>, en tanto coincidi\u00f3 con las acusaciones de corrupci\u00f3n en contra de una gran cantidad de pol\u00edticos, incluido el mismo presidente Kuczynski, qui\u00e9n tem\u00eda ser destituido de su funci\u00f3n, por parte del Congreso. Kuczynski logr\u00f3 salvarse de la vacancia por la abstenci\u00f3n en la votaci\u00f3n congresal de una parte de miembros de la bancada Fujimorista, lo que gener\u00f3 que no hubiesen los votos requeridos por la Constituci\u00f3n (mayor\u00eda calificada) para vacar al presidente.<\/p>\n<p style=\"text-align: justify;\">Como consecuencia, varios actores han interpretado el indulto otorgado por el presidente Pedro Pablo Kuczynski el mismo 24 de diciembre como un operativo pol\u00edtico para corresponder a la bancada Fujimorista \u2013 que cuenta con mayor\u00eda en el congreso y que durante el \u00faltimo a\u00f1o ha pr\u00e1cticamente incapacitado al poder ejecutivo de gobernar efectivamente en Per\u00fa. En ese orden de ideas y desde una perspectiva m\u00e1s amplia, <strong>se puede calificar el indulto como parte de un pacto de impunidad entre el gobierno peruano y el fujimorismo, que busca encubrir casos graves de corrupci\u00f3n y violaciones de derechos humanos de las \u00faltimas d\u00e9cadas.<\/strong><\/p>\n<p style=\"text-align: justify;\">As\u00ed, el trasfondo pol\u00edtico pone en tela de juicio que la decisi\u00f3n del indulto haya respondido efectivamente a razones humanitarias. Por ello, el llamado a la \u201creconciliaci\u00f3n nacional\u201d al que ha aludido el presidente Kuczynski resulta preocupante cuando los derechos de las v\u00edctimas afectados durante el mandato de Alberto Fujimori est\u00e1n siendo vulnerados, coloc\u00e1ndose por debajo de intereses personales y partidarios de \u00edndole pol\u00edtica.<\/p>\n<blockquote>\n<p style=\"text-align: justify;\"><em><strong>Al respecto, la CIDH ha manifestado su rotundo rechazo al indulto a Alberto Fujimori, \u201cpor tratarse de una decisi\u00f3n contraria a las obligaciones internacionales del Estado de Per\u00fa\u201d, formulando un llamado a que se adopten las medidas necesarias inmediatas para restablecer los derechos de las v\u00edctimas que fueron afectados con esta decisi\u00f3n presidencial.<\/strong><\/em><\/p>\n<\/blockquote>\n<p style=\"text-align: justify;\">Ante lo ocurrido en las \u00faltimas semanas, la PEP, Red EU-LAT y CIDSE solicitamos a la Uni\u00f3n Europea y sus Estados miembros que se pronuncian al m\u00e1s alto nivel ante esta situaci\u00f3n preocupante y que:<\/p>\n<p style=\"text-align: justify;\">\u2022 <strong>Soliciten al estado peruano que acate la decisi\u00f3n que ser\u00e1 tomada por la Corte Interamericana de Derechos Humanos<\/strong>, en la Audiencia de Supervisi\u00f3n de Cumplimiento de la sentencia en los Casos barrios Altos y Cantuta, convocadas para el 2 de Febrero de 2018, a solicitud de las organizaciones de derechos humanos representantes de las v\u00edctimas y en la que se abordar\u00e1 la legitimidad del indulto humanitario y sus graves consecuencias en la lucha contra la impunidad.<\/p>\n<p style=\"text-align: justify;\">\u2022 En el marco del di\u00e1logo de derechos humanos Uni\u00f3n Europea &#8211; Per\u00fa, que <strong>la Uni\u00f3n Europea haga seguimiento a los resultados de la audiencia de control de acusaci\u00f3n en la Sala Penal Nacional realizada el 26 de enero de 2018 en el caso Pativilca.<\/strong><\/p>\n<p style=\"text-align: justify;\">\u2022 <strong>Soliciten al Estado peruano que garantice el derecho de las v\u00edctimas a la verdad, la justicia y la reparaci\u00f3n<\/strong>, de las atrocidades ocurridas durante el r\u00e9gimen fujimorista. As\u00ed como que cumpla con la observaci\u00f3n del debido respeto a las normas internacionales de protecci\u00f3n de los derechos humanos que contribuyan a fortalecer el Estado de derecho.<\/p>\n<p style=\"text-align: justify;\">\u2022 <strong>Respalden expresamente a los organismos internacionales de protecci\u00f3n de los derechos humanos como la Comisi\u00f3n Interamericana de Derechos Humanos<\/strong> en sus recomendaciones al Estado peruano sobre el indulto otorgado al expresidente Fujimori.<\/p>\n<p style=\"text-align: justify;\">\u2022 Tomen otras medidas complementarias a las arriba mencionadas para asegurar el cumplimiento de la Cl\u00e1usula Democr\u00e1tica suscrita por las dos partes como primer art\u00edculo del Acuerdo Comercial Multiparte entre Per\u00fa, Colombia, Ecuador y la Uni\u00f3n Europea.<\/p>\n<h6>Plataforma Europa Per\u00fa Red EU-LAT (ex CIFCA y Grupo Sur) CIDSE.<\/h6>\n<p><em>1 Comunicado de prensa 218\/17; \u201cCIDH expresa profunda preocupaci\u00f3n y cuestiona el indulto concedido a Alberto Fujimori\u201d.<\/em><\/p>\n<p><em>2 Cabe recordar que la Uni\u00f3n Europea misma hab\u00eda financiado proyectos relativos al seguimiento de las recomendaciones de la Comisi\u00f3n Verdad y Reconciliaci\u00f3n en 2006.<\/em><\/p>\n<p>&nbsp;<\/p>","protected":false},"excerpt":{"rendered":"<p>Bruselas, 29.01.2018 La Plataforma Europa Per\u00fa (PEP), la Red EU-LAT (ex CIFCA y Grupo Sur) y la CIDSE quieren expresar a la Uni\u00f3n Europea su m\u00e1s alta preocupaci\u00f3n por la situaci\u00f3n de los derechos humanos en el Per\u00fa, a ra\u00edz del indulto humanitario otorgado el pasado 24 de diciembre por el presidente Pedro Pablo Kuczynski [&hellip;]<\/p>\n","protected":false},"author":1,"featured_media":4743,"comment_status":"closed","ping_status":"open","sticky":false,"template":"","format":"standard","meta":{"_monsterinsights_skip_tracking":false,"_monsterinsights_sitenote_active":false,"_monsterinsights_sitenote_note":"","_monsterinsights_sitenote_category":0,"_jetpack_memberships_contains_paid_content":false,"footnotes":"","jetpack_publicize_message":"","jetpack_publicize_feature_enabled":true,"jetpack_social_post_already_shared":false,"jetpack_social_options":{"image_generator_settings":{"template":"highway","default_image_id":0,"font":"","enabled":false},"version":2}},"categories":[1],"tags":[],"class_list":["post-4742","post","type-post","status-publish","format-standard","has-post-thumbnail","hentry","category-sin-categoria"],"blocksy_meta":[],"jetpack_publicize_connections":[],"jetpack_featured_media_url":"https:\/\/derechosinfronteras.pe\/wp-content\/uploads\/2018\/02\/ppk-sobre-alberto-fujimori-_ir7ogx4-jpg_604x0.jpg","jetpack_sharing_enabled":true,"jetpack_likes_enabled":true,"_links":{"self":[{"href":"https:\/\/derechosinfronteras.pe\/ingles\/wp-json\/wp\/v2\/posts\/4742","targetHints":{"allow":["GET"]}}],"collection":[{"href":"https:\/\/derechosinfronteras.pe\/ingles\/wp-json\/wp\/v2\/posts"}],"about":[{"href":"https:\/\/derechosinfronteras.pe\/ingles\/wp-json\/wp\/v2\/types\/post"}],"author":[{"embeddable":true,"href":"https:\/\/derechosinfronteras.pe\/ingles\/wp-json\/wp\/v2\/users\/1"}],"replies":[{"embeddable":true,"href":"https:\/\/derechosinfronteras.pe\/ingles\/wp-json\/wp\/v2\/comments?post=4742"}],"version-history":[{"count":0,"href":"https:\/\/derechosinfronteras.pe\/ingles\/wp-json\/wp\/v2\/posts\/4742\/revisions"}],"wp:featuredmedia":[{"embeddable":true,"href":"https:\/\/derechosinfronteras.pe\/ingles\/wp-json\/wp\/v2\/media\/4743"}],"wp:attachment":[{"href":"https:\/\/derechosinfronteras.pe\/ingles\/wp-json\/wp\/v2\/media?parent=4742"}],"wp:term":[{"taxonomy":"category","embeddable":true,"href":"https:\/\/derechosinfronteras.pe\/ingles\/wp-json\/wp\/v2\/categories?post=4742"},{"taxonomy":"post_tag","embeddable":true,"href":"https:\/\/derechosinfronteras.pe\/ingles\/wp-json\/wp\/v2\/tags?post=4742"}],"curies":[{"name":"wp","href":"https:\/\/api.w.org\/{rel}","templated":true}]}}