{"id":4748,"date":"2018-01-24T15:26:10","date_gmt":"2018-01-24T20:26:10","guid":{"rendered":"http:\/\/derechosinfronteras.pe\/?p=3455"},"modified":"2018-01-24T15:26:10","modified_gmt":"2018-01-24T20:26:10","slug":"espinar-destinaran-presupuesto-para-afectados-en-salud-por-la-mineria","status":"publish","type":"post","link":"https:\/\/derechosinfronteras.pe\/ingles\/espinar-destinaran-presupuesto-para-afectados-en-salud-por-la-mineria\/","title":{"rendered":"Espinar: Destinaran presupuesto para afectados en salud por la miner\u00eda"},"content":{"rendered":"<p style=\"text-align: center;\"><em><span style=\"color: #000000;\">Municipalidad Provincial de Espinar se comprometi\u00f3 a destinar presupuesto para atender a las comunidades campesinas afectadas por metales t\u00f3xicos producto de la actividad minera. En la pr\u00f3xima reuni\u00f3n del Comit\u00e9 de Gesti\u00f3n del Convenio Marco, 06 de febrero del 2018, se abordar\u00e1 este punto.<\/span><\/em><\/p>\n<h3><span style=\"color: #008080;\">En Reuni\u00f3n de Convenio Marco se comprometen ante comunidades y organizaciones sociales<\/span><\/h3>\n<p style=\"text-align: justify;\">Este martes 23 de enero se llev\u00f3 a cabo la <strong>Reuni\u00f3n del Comit\u00e9 de Gesti\u00f3n del Convenio Marco<\/strong>, en el auditorio de la Municipalidad Provincial de Espinar (MPE), el Ing. Karl Valdivia Silva, gerente de gesti\u00f3n ambiental y miembro del comit\u00e9, inform\u00f3 que entre el mes de marzo y abril se tendr\u00e1 un presupuesto por el d\u00e9cimo tercer aporte econ\u00f3mico, el cual ser\u00e1 destinado a atender a las comunidades afectadas por la miner\u00eda en la provincia, <strong>asimismo se comprometi\u00f3 a poner esta problem\u00e1tica en agenda de la pr\u00f3xima reuni\u00f3n del Convenio Marco.<\/strong><\/p>\n<p style=\"text-align: justify;\">Estos compromisos se dieron ante los otros miembros del Comit\u00e9 de Gesti\u00f3n del Convenio Marco de Espinar, estuvieron presentes las organizaciones sociales como el FUDIE, FUCAE, AUPE, Cuenca Ca\u00f1ipia, Cuenca Salado, los representantes de la empresa minera Antapacay y la sociedad civil.<\/p>\n<p style=\"text-align: justify;\"><strong>En esta reuni\u00f3n tambi\u00e9n se abord\u00f3 sobre los retrasos en la implementaci\u00f3n de la planta de l\u00e1cteos y la planta de fibra de alpaca y ovino,<\/strong> iniciativas impulsadas con presupuesto de los aportes del convenio; en este punto a trav\u00e9s de su representante, la comunidad de Huisa Collana exigi\u00f3 la implementaci\u00f3n y propuso que m\u00e1s adelante las plantas deber\u00edan pasar a administraci\u00f3n de las comunidades; en la reuni\u00f3n tambi\u00e9n sali\u00f3 a discusi\u00f3n la sostenibilidad de estos proyectos, FUCAE solicit\u00f3 el expediente t\u00e9cnico de los ingresos financieros de la planta; por esa raz\u00f3n se agend\u00f3 este punto para la siguiente reuni\u00f3n.<\/p>\n<p style=\"text-align: justify;\"><span style=\"color: #008080;\"><strong>Conclusiones de las agendas;<\/strong><\/span>\u00a0 primero, sobre el pago a la consultora de los servicios prestado para la auditoria de la planta de l\u00e1cteos y fibra de alpaca y ovino, por votaci\u00f3n se decide pagar el servicio de consultor\u00eda. Segundo, los TDR elaborados alcanzara una copia en digital al presidente del comit\u00e9 de gesti\u00f3n del convenio marco para su distribuci\u00f3n a los integrantes.<\/p>","protected":false},"excerpt":{"rendered":"<p>Municipalidad Provincial de Espinar se comprometi\u00f3 a destinar presupuesto para atender a las comunidades campesinas afectadas por metales t\u00f3xicos producto de la actividad minera. En la pr\u00f3xima reuni\u00f3n del Comit\u00e9 de Gesti\u00f3n del Convenio Marco, 06 de febrero del 2018, se abordar\u00e1 este punto. En Reuni\u00f3n de Convenio Marco se comprometen ante comunidades y organizaciones [&hellip;]<\/p>\n","protected":false},"author":1,"featured_media":4749,"comment_status":"closed","ping_status":"open","sticky":false,"template":"","format":"standard","meta":{"_monsterinsights_skip_tracking":false,"_monsterinsights_sitenote_active":false,"_monsterinsights_sitenote_note":"","_monsterinsights_sitenote_category":0,"_jetpack_memberships_contains_paid_content":false,"footnotes":"","jetpack_publicize_message":"","jetpack_publicize_feature_enabled":true,"jetpack_social_post_already_shared":false,"jetpack_social_options":{"image_generator_settings":{"template":"highway","default_image_id":0,"font":"","enabled":false},"version":2}},"categories":[1],"tags":[],"class_list":["post-4748","post","type-post","status-publish","format-standard","has-post-thumbnail","hentry","category-sin-categoria"],"blocksy_meta":[],"jetpack_publicize_connections":[],"jetpack_featured_media_url":"https:\/\/derechosinfronteras.pe\/wp-content\/uploads\/2018\/01\/CM.jpg","jetpack_sharing_enabled":true,"jetpack_likes_enabled":true,"_links":{"self":[{"href":"https:\/\/derechosinfronteras.pe\/ingles\/wp-json\/wp\/v2\/posts\/4748","targetHints":{"allow":["GET"]}}],"collection":[{"href":"https:\/\/derechosinfronteras.pe\/ingles\/wp-json\/wp\/v2\/posts"}],"about":[{"href":"https:\/\/derechosinfronteras.pe\/ingles\/wp-json\/wp\/v2\/types\/post"}],"author":[{"embeddable":true,"href":"https:\/\/derechosinfronteras.pe\/ingles\/wp-json\/wp\/v2\/users\/1"}],"replies":[{"embeddable":true,"href":"https:\/\/derechosinfronteras.pe\/ingles\/wp-json\/wp\/v2\/comments?post=4748"}],"version-history":[{"count":0,"href":"https:\/\/derechosinfronteras.pe\/ingles\/wp-json\/wp\/v2\/posts\/4748\/revisions"}],"wp:featuredmedia":[{"embeddable":true,"href":"https:\/\/derechosinfronteras.pe\/ingles\/wp-json\/wp\/v2\/media\/4749"}],"wp:attachment":[{"href":"https:\/\/derechosinfronteras.pe\/ingles\/wp-json\/wp\/v2\/media?parent=4748"}],"wp:term":[{"taxonomy":"category","embeddable":true,"href":"https:\/\/derechosinfronteras.pe\/ingles\/wp-json\/wp\/v2\/categories?post=4748"},{"taxonomy":"post_tag","embeddable":true,"href":"https:\/\/derechosinfronteras.pe\/ingles\/wp-json\/wp\/v2\/tags?post=4748"}],"curies":[{"name":"wp","href":"https:\/\/api.w.org\/{rel}","templated":true}]}}