{"id":4750,"date":"2018-01-23T16:42:25","date_gmt":"2018-01-23T21:42:25","guid":{"rendered":"http:\/\/derechosinfronteras.pe\/?p=3448"},"modified":"2018-01-23T16:42:25","modified_gmt":"2018-01-23T21:42:25","slug":"cusco-estudiantes-de-periodismo-conmemoran-la-matanza-de-uchuraccay","status":"publish","type":"post","link":"https:\/\/derechosinfronteras.pe\/ingles\/cusco-estudiantes-de-periodismo-conmemoran-la-matanza-de-uchuraccay\/","title":{"rendered":"Cusco: Estudiantes de Periodismo conmemoran la Matanza de Uchuraccay"},"content":{"rendered":"<p style=\"text-align: justify;\">Hace 35 a\u00f1os, exactamente el 26 de enero de 1983, los periodistas <strong>Willy Retto, Jorge Luis Mend\u00edvil Trelles, Eduardo de la Piniella, Octavio Infante, Amador Garc\u00eda, Pedro S\u00e1nchez, F\u00e9lix Gavil\u00e1n y Jorge Sedano Falc\u00f3n<\/strong> llegaron hasta la comunidad ayacuchana de Uchuraccay. Se movilizaron hasta la zona para obtener informaci\u00f3n de la actividad terrorista de Sendero Luminoso. Lastimosamente, los hombres de prensa, junto a su gu\u00eda acompa\u00f1ante, fueron acusados de ser terroristas y posteriormente fueron asesinados por las y los comuneros del lugar.<\/p>\n<p style=\"text-align: justify;\">Durante la \u00e9poca del terrorismo, Uchuraccay, sufri\u00f3 constantes atentados y matanzas de parte de Sendero Luminoso: 135 miembros de la comunidad fueron asesinados.\u00a0Esta comunidad, que sigue viviendo en pobreza y sin presencia del Estado, jam\u00e1s permitir\u00e1 que el olvido desmerezca las situaciones que tuvieron que vivir. Y los futuros periodistas del Cusco tampoco lo har\u00e1n. Por ello, las y los estudiantes del curso de \u2018Periodismo de Investigaci\u00f3n\u2019 de la Escuela Profesional de Ciencias de la Comunicaci\u00f3n, de la UNSAAC, realizar\u00e1n el conversatorio <strong>\u201cUCHURACCAY, 35 A\u00d1OS DESPU\u00c9S\u201d<\/strong>. La actividad acad\u00e9mica se realizar\u00e1 este <strong>24 de enero, desde las 10:00 a.m.<\/strong>, en las instalaciones del<strong> Sal\u00f3n de Grado de la mencionada Escuela Profesional (Ciudad Universitaria de Perayoc).<\/strong><\/p>\n<p style=\"text-align: justify;\">Despu\u00e9s del conversatorio, se realizar\u00e1 una ceremonia simb\u00f3lica, en d\u00f3nde las y los estudiantes homenajearan a los periodistas asesinados en Uchuraccay. En simultaneo se material impreso y fotogr\u00e1fico relacionado con la tragedia que inmuto al periodismo nacional.<\/p>\n<div class=\"fb-post\" data-href=\"https:\/\/www.facebook.com\/photo.php?fbid=872424492928648&#038;set=pcb.189593464961720&#038;type=3&#038;theater\" data-width=\"552\" style=\"background-color: #fff; display: inline-block;\"><\/div>","protected":false},"excerpt":{"rendered":"<p>Hace 35 a\u00f1os, exactamente el 26 de enero de 1983, los periodistas Willy Retto, Jorge Luis Mend\u00edvil Trelles, Eduardo de la Piniella, Octavio Infante, Amador Garc\u00eda, Pedro S\u00e1nchez, F\u00e9lix Gavil\u00e1n y Jorge Sedano Falc\u00f3n llegaron hasta la comunidad ayacuchana de Uchuraccay. Se movilizaron hasta la zona para obtener informaci\u00f3n de la actividad terrorista de Sendero [&hellip;]<\/p>\n","protected":false},"author":1,"featured_media":4751,"comment_status":"closed","ping_status":"open","sticky":false,"template":"","format":"standard","meta":{"_monsterinsights_skip_tracking":false,"_monsterinsights_sitenote_active":false,"_monsterinsights_sitenote_note":"","_monsterinsights_sitenote_category":0,"_jetpack_memberships_contains_paid_content":false,"footnotes":"","jetpack_publicize_message":"","jetpack_publicize_feature_enabled":true,"jetpack_social_post_already_shared":false,"jetpack_social_options":{"image_generator_settings":{"template":"highway","default_image_id":0,"font":"","enabled":false},"version":2}},"categories":[1],"tags":[],"class_list":["post-4750","post","type-post","status-publish","format-standard","has-post-thumbnail","hentry","category-sin-categoria"],"blocksy_meta":[],"jetpack_publicize_connections":[],"jetpack_featured_media_url":"https:\/\/derechosinfronteras.pe\/wp-content\/uploads\/2018\/01\/26952122_870067883164309_973411904733299797_o-1-e1516743606954.jpg","jetpack_sharing_enabled":true,"jetpack_likes_enabled":true,"_links":{"self":[{"href":"https:\/\/derechosinfronteras.pe\/ingles\/wp-json\/wp\/v2\/posts\/4750","targetHints":{"allow":["GET"]}}],"collection":[{"href":"https:\/\/derechosinfronteras.pe\/ingles\/wp-json\/wp\/v2\/posts"}],"about":[{"href":"https:\/\/derechosinfronteras.pe\/ingles\/wp-json\/wp\/v2\/types\/post"}],"author":[{"embeddable":true,"href":"https:\/\/derechosinfronteras.pe\/ingles\/wp-json\/wp\/v2\/users\/1"}],"replies":[{"embeddable":true,"href":"https:\/\/derechosinfronteras.pe\/ingles\/wp-json\/wp\/v2\/comments?post=4750"}],"version-history":[{"count":0,"href":"https:\/\/derechosinfronteras.pe\/ingles\/wp-json\/wp\/v2\/posts\/4750\/revisions"}],"wp:featuredmedia":[{"embeddable":true,"href":"https:\/\/derechosinfronteras.pe\/ingles\/wp-json\/wp\/v2\/media\/4751"}],"wp:attachment":[{"href":"https:\/\/derechosinfronteras.pe\/ingles\/wp-json\/wp\/v2\/media?parent=4750"}],"wp:term":[{"taxonomy":"category","embeddable":true,"href":"https:\/\/derechosinfronteras.pe\/ingles\/wp-json\/wp\/v2\/categories?post=4750"},{"taxonomy":"post_tag","embeddable":true,"href":"https:\/\/derechosinfronteras.pe\/ingles\/wp-json\/wp\/v2\/tags?post=4750"}],"curies":[{"name":"wp","href":"https:\/\/api.w.org\/{rel}","templated":true}]}}