{"id":4752,"date":"2018-01-23T12:01:41","date_gmt":"2018-01-23T17:01:41","guid":{"rendered":"http:\/\/derechosinfronteras.pe\/?p=3441"},"modified":"2018-01-23T12:01:41","modified_gmt":"2018-01-23T17:01:41","slug":"congreso-promulga-ley-que-pondria-en-peligro-a-comunidades-indigenas","status":"publish","type":"post","link":"https:\/\/derechosinfronteras.pe\/ingles\/congreso-promulga-ley-que-pondria-en-peligro-a-comunidades-indigenas\/","title":{"rendered":"Congreso promulga ley que pondr\u00eda en peligro a comunidades ind\u00edgenas"},"content":{"rendered":"<div class=\"fb-video\" data-allowfullscreen=\"true\" data-href=\"https:\/\/www.facebook.com\/derechossinfronteras.pe\/videos\/1515657588552764\/\" style=\"background-color: #fff; display: inline-block;\"><\/div>\n<p>El pasado 22 de enero, el Congreso de la Rep\u00fablica promulgo una cuestionada ley que <strong>\u201cdeclara de prioridad e inter\u00e9s nacional la construcci\u00f3n de carreteras en zonas de frontera y el mantenimiento de trochas carrozables en el departamento de Ucayali\u201d.<\/strong> La iniciativa legislativa fue del congresista de Fuerza Popular, <strong>Glider Ush\u00f1ahua<\/strong>, la misma que fue aprobada por el Pleno, sin ser observada por el Ejecutivo. La <strong>Ley N\u00b0 30723<\/strong> pondr\u00eda en peligro a las comunidades originarias y en aislamiento de la regi\u00f3n de Ucayali.<\/p>\n<p>Como se recuerda, en noviembre del 2017, el Ministerio de Cultura, Ministerio de Salud y el Servicio Nacional de \u00c1reas Naturales, cuestionaron la norma por significar una vulneraci\u00f3n al pueblo originario selv\u00e1tico.\u00a0Desde el legislativo, la congresista Tania Pariona tambi\u00e9n se pronunci\u00f3 en contra del proyecto, y denunci\u00f3 que solo beneficiar\u00eda a taladores ilegales, al narcotr\u00e1fico y no a los pueblos ind\u00edgenas.<\/p>\n<p style=\"margin: 12px auto 6px auto; font-family: Helvetica,Arial,Sans-serif; font-style: normal; font-variant: normal; font-weight: normal; font-size: 14px; line-height: normal; font-size-adjust: none; font-stretch: normal; -x-system-font: none; display: block;\"><a style=\"text-decoration: underline;\" title=\"View Ley 30723 on Scribd\" href=\"https:\/\/www.scribd.com\/document\/369741368\/Ley-30723#from_embed\" target=\"_blank\" rel=\"noopener\">Ley 30723<\/a> by <a style=\"text-decoration: underline;\" title=\"View Alberto \u00d1iquen Guerra&#039;s profile on Scribd\" href=\"https:\/\/es.scribd.com\/user\/41589564\/Alberto-Niquen-Guerra#from_embed\" target=\"_blank\" rel=\"noopener\">Alberto \u00d1iquen Guerra<\/a> on Scribd<\/p>\n<p><iframe id=\"doc_99431\" class=\"scribd_iframe_embed\" title=\"Ley 30723\" src=\"https:\/\/www.scribd.com\/embeds\/369741368\/content?start_page=1&amp;view_mode=scroll&amp;access_key=key-CUw23zUEzCYe5ouvXr5r&amp;show_recommendations=true\" width=\"100%\" height=\"600\" frameborder=\"0\" scrolling=\"no\" data-auto-height=\"false\" data-aspect-ratio=\"0.6263048016701461\"><\/iframe><\/p>\n<p>Por su parte, La Comisi\u00f3n de Pueblos Andinos se ha pronunciado a trav\u00e9s de un comunicado, rechazando la promulgaci\u00f3n de la <strong>Ley N\u00b0 30723<\/strong>. Afirman que la norma <strong>\u201cafecta directamente a tres reservas ind\u00edgenas, dos reservas territoriales, tres parques nacionales y una reserva comunal, entre los que se ubican el Manu y Alto Pur\u00fas\u201d. <\/strong><\/p>\n<p>El comunicado agrega que <strong>\u201cTambi\u00e9n peligran los PIACI, poblaciones que podr\u00edan ver amenazada su propia subsistencia frente al riesgo de contagio de enfermedades for\u00e1neas. Por otro lado, es importante destacar que los PIACI \u2013debido a su car\u00e1cter de vulnerabilidad\u2013 requieren un mayor nivel de protecci\u00f3n y lineamientos especiales que permitan fortalecer las acciones estatales que los beneficien\u201d.<\/strong><\/p>\n<p style=\"margin: 12px auto 6px auto; font-family: Helvetica,Arial,Sans-serif; font-style: normal; font-variant: normal; font-weight: normal; font-size: 14px; line-height: normal; font-size-adjust: none; font-stretch: normal; -x-system-font: none; display: block;\"><a style=\"text-decoration: underline;\" title=\"View LEY 30723 AMENAZA PUEBLOS INDIGENAS EN AISLAMIENTO on Scribd\" href=\"https:\/\/www.scribd.com\/document\/369745594\/LEY-30723-AMENAZA-PUEBLOS-INDIGENAS-EN-AISLAMIENTO#from_embed\" target=\"_blank\" rel=\"noopener\">LEY 30723 AMENAZA PUEBLOS INDIGENAS EN AISLAMIENTO<\/a> by <a style=\"text-decoration: underline;\" title=\"View Comision Pueblos Andinos, Amaz\u00f3nicos y Afroperuanos, Ambiente y Ecolog\u00eda&#039;s profile on Scribd\" href=\"https:\/\/es.scribd.com\/user\/368108967\/Comision-Pueblos-Andinos-Amazonicos-y-Afroperuanos-Ambiente-y-Ecologia#from_embed\" target=\"_blank\" rel=\"noopener\">Comision Pueblos Andinos, Amaz\u00f3nicos y Afroperuanos, Ambiente y Ecolog\u00eda<\/a> on Scribd<\/p>\n<p><iframe id=\"doc_68952\" class=\"scribd_iframe_embed\" title=\"LEY 30723 AMENAZA PUEBLOS INDIGENAS EN AISLAMIENTO\" src=\"https:\/\/www.scribd.com\/embeds\/369745594\/content?start_page=1&amp;view_mode=scroll&amp;access_key=key-kkmXV2IQfmULSmit2aj6&amp;show_recommendations=true\" width=\"100%\" height=\"600\" frameborder=\"0\" scrolling=\"no\" data-auto-height=\"false\" data-aspect-ratio=\"0.7729220222793488\"><\/iframe><\/p>\n<p>Finalmente, La Comisi\u00f3n de Pueblos Andinos del Congreso, hace referencia a la visita del Papa Francisco a nuestro pa\u00eds y culmina su pronunciamiento textualmente: <strong>\u2018Considerando la reciente visita del Papa Francisco y siendo testigos de su compromiso con los pueblos ind\u00edgenas, reflejado en un discurso a favor de la justicia ambiental y el reconocimiento de sus derechos colectivos, esta Presidencia manifiesta su rechazo a la promulgaci\u00f3n de normas que son ajenas al respeto de derechos fundamentales de pueblos ind\u00edgenas y a la sostenibilidad ambiental\u2019<\/strong><\/p>\n<p>&nbsp;<\/p>\n<p>&nbsp;<\/p>\n<p>&nbsp;<\/p>","protected":false},"excerpt":{"rendered":"<p>El pasado 22 de enero, el Congreso de la Rep\u00fablica promulgo una cuestionada ley que \u201cdeclara de prioridad e inter\u00e9s nacional la construcci\u00f3n de carreteras en zonas de frontera y el mantenimiento de trochas carrozables en el departamento de Ucayali\u201d. La iniciativa legislativa fue del congresista de Fuerza Popular, Glider Ush\u00f1ahua, la misma que fue [&hellip;]<\/p>\n","protected":false},"author":1,"featured_media":4753,"comment_status":"closed","ping_status":"open","sticky":false,"template":"","format":"standard","meta":{"_monsterinsights_skip_tracking":false,"_monsterinsights_sitenote_active":false,"_monsterinsights_sitenote_note":"","_monsterinsights_sitenote_category":0,"_jetpack_memberships_contains_paid_content":false,"footnotes":"","jetpack_publicize_message":"","jetpack_publicize_feature_enabled":true,"jetpack_social_post_already_shared":false,"jetpack_social_options":{"image_generator_settings":{"template":"highway","default_image_id":0,"font":"","enabled":false},"version":2}},"categories":[1],"tags":[],"class_list":["post-4752","post","type-post","status-publish","format-standard","has-post-thumbnail","hentry","category-sin-categoria"],"blocksy_meta":[],"jetpack_publicize_connections":[],"jetpack_featured_media_url":"https:\/\/derechosinfronteras.pe\/wp-content\/uploads\/2018\/01\/Ley-de-Ucayali.jpg","jetpack_sharing_enabled":true,"jetpack_likes_enabled":true,"_links":{"self":[{"href":"https:\/\/derechosinfronteras.pe\/ingles\/wp-json\/wp\/v2\/posts\/4752","targetHints":{"allow":["GET"]}}],"collection":[{"href":"https:\/\/derechosinfronteras.pe\/ingles\/wp-json\/wp\/v2\/posts"}],"about":[{"href":"https:\/\/derechosinfronteras.pe\/ingles\/wp-json\/wp\/v2\/types\/post"}],"author":[{"embeddable":true,"href":"https:\/\/derechosinfronteras.pe\/ingles\/wp-json\/wp\/v2\/users\/1"}],"replies":[{"embeddable":true,"href":"https:\/\/derechosinfronteras.pe\/ingles\/wp-json\/wp\/v2\/comments?post=4752"}],"version-history":[{"count":0,"href":"https:\/\/derechosinfronteras.pe\/ingles\/wp-json\/wp\/v2\/posts\/4752\/revisions"}],"wp:featuredmedia":[{"embeddable":true,"href":"https:\/\/derechosinfronteras.pe\/ingles\/wp-json\/wp\/v2\/media\/4753"}],"wp:attachment":[{"href":"https:\/\/derechosinfronteras.pe\/ingles\/wp-json\/wp\/v2\/media?parent=4752"}],"wp:term":[{"taxonomy":"category","embeddable":true,"href":"https:\/\/derechosinfronteras.pe\/ingles\/wp-json\/wp\/v2\/categories?post=4752"},{"taxonomy":"post_tag","embeddable":true,"href":"https:\/\/derechosinfronteras.pe\/ingles\/wp-json\/wp\/v2\/tags?post=4752"}],"curies":[{"name":"wp","href":"https:\/\/api.w.org\/{rel}","templated":true}]}}