{"id":4758,"date":"2018-01-15T16:28:00","date_gmt":"2018-01-15T21:28:00","guid":{"rendered":"http:\/\/derechosinfronteras.pe\/?p=3426"},"modified":"2018-01-15T16:28:00","modified_gmt":"2018-01-15T21:28:00","slug":"cusco-miles-de-personas-se-suman-a-la-marcha-por-la-revocatoria-del-indulto-a-fujimori","status":"publish","type":"post","link":"https:\/\/derechosinfronteras.pe\/ingles\/cusco-miles-de-personas-se-suman-a-la-marcha-por-la-revocatoria-del-indulto-a-fujimori\/","title":{"rendered":"Cusco: miles de personas marcharon por la revocatoria del indulto a Fujimori"},"content":{"rendered":"<div class=\"\" data-block=\"true\" data-editor=\"2d80u\" data-offset-key=\"59acr-0-0\">\n<div class=\"fb-video\" data-allowfullscreen=\"true\" data-href=\"https:\/\/www.facebook.com\/derechossinfronteras.pe\/videos\/1500901023361754\/\" style=\"background-color: #fff; display: inline-block;\"><\/div>\n<\/div>\n<div class=\"\" style=\"text-align: justify;\" data-block=\"true\" data-editor=\"2d80u\" data-offset-key=\"8t3b-0-0\">\n<div class=\"_1mf _1mj\" data-offset-key=\"8t3b-0-0\"><span data-offset-key=\"8r206-0-0\">Desde las 4:00 p.m. del pasado 11 de enero, en la plaza de Limacpampa Grande, miles de cusque\u00f1as y cusque\u00f1os se concentraban para iniciar la marcha por la revocatoria del indulto a Alberto Fujimori. La manifestaci\u00f3n fue liderada por las mujeres v\u00edctimas de esterilizaciones forzadas de <\/span><span class=\"_5zk7\" spellcheck=\"false\" data-offset-key=\"8r206-1-0\"><span data-offset-key=\"8r206-1-0\">#Chumbivilcas<\/span><\/span><span data-offset-key=\"8r206-2-0\"> y <\/span><span class=\"_5zk7\" spellcheck=\"false\" data-offset-key=\"8r206-3-0\"><span data-offset-key=\"8r206-3-0\">#Anta<\/span><\/span><span data-offset-key=\"8r206-4-0\">, provincias del Cusco con mayor cifra de victimas de esterilizaciones en contra de su voluntad. Estudiantes, colectivos ciudadanos, artistas, instituciones, organizaciones de base y partidos pol\u00edticos tambi\u00e9n fueron parte de la marcha.<\/span><\/div>\n<\/div>\n<div class=\"\" style=\"text-align: justify;\" data-block=\"true\" data-editor=\"2d80u\" data-offset-key=\"bnpua-0-0\">\n<div class=\"_1mf _1mj\" data-offset-key=\"bnpua-0-0\"><span data-offset-key=\"bnpua-0-0\">\u00a0<\/span><\/div>\n<\/div>\n<div class=\"\" style=\"text-align: justify;\" data-block=\"true\" data-editor=\"2d80u\" data-offset-key=\"c0skd-0-0\">\n<div class=\"_1mf _1mj\" data-offset-key=\"c0skd-0-0\"><span data-offset-key=\"c0skd-0-0\">Los manifestantes transitaron hasta el mercado Wanchaq, para despu\u00e9s continuar con el recorrido por la Av. Pachac\u00fatec y la Av. El Sol. Despu\u00e9s de llegaron al mercado San Pedro, se dirigieron hasta la plaza de armas, pasando por las principales y c\u00e9ntricas calles de la ciudad imperial. <\/span><\/div>\n<\/div>\n<div class=\"\" style=\"text-align: justify;\" data-block=\"true\" data-editor=\"2d80u\" data-offset-key=\"bn4rf-0-0\">\n<div class=\"_1mf _1mj\" data-offset-key=\"bn4rf-0-0\"><span data-offset-key=\"bn4rf-0-0\">\u00a0<\/span><\/div>\n<\/div>\n<div class=\"\" style=\"text-align: justify;\" data-block=\"true\" data-editor=\"2d80u\" data-offset-key=\"fcb2n-0-0\">\n<div class=\"_1mf _1mj\" data-offset-key=\"fcb2n-0-0\"><span data-offset-key=\"fcb2n-0-0\">Creativos y llamativos mensajes fueron mostrados en los carteles de quienes protestaban en contra del indulto. Las mujeres victimas de esterilizaciones forzadas, tuvieron protagonismo y fueron el signo de la marcha, por ser afectadas directas del gobierno de Alberto Fujimori. <\/span><\/div>\n<\/div>\n<div class=\"\" style=\"text-align: justify;\" data-block=\"true\" data-editor=\"2d80u\" data-offset-key=\"3sp0v-0-0\">\n<div class=\"_1mf _1mj\" data-offset-key=\"3sp0v-0-0\"><span data-offset-key=\"3sp0v-0-0\">\u00a0<\/span><\/div>\n<\/div>\n<div class=\"\" style=\"text-align: justify;\" data-block=\"true\" data-editor=\"2d80u\" data-offset-key=\"e5lcs-0-0\">\n<div class=\"_1mf _1mj\" data-offset-key=\"e5lcs-0-0\"><span data-offset-key=\"e5lcs-0-0\">Al finalizar la marcha, dirigentes y lideres se pronunciaron en la plaza de armas, las mujeres esterilizadas tambi\u00e9n contaron sus testimonios. Finalmente, de forma simb\u00f3lica, quemaron un mu\u00f1eco representativo de PPK y la constituci\u00f3n de 1993, creada por Alberto Fujimori. <\/span><\/div>\n<\/div>\n<div class=\"\" style=\"text-align: justify;\" data-block=\"true\" data-editor=\"2d80u\" data-offset-key=\"9bje5-0-0\">\n<div class=\"_1mf _1mj\" data-offset-key=\"9bje5-0-0\"><span data-offset-key=\"9bje5-0-0\">\u00a0<\/span><\/div>\n<\/div>\n<div class=\"\" style=\"text-align: justify;\" data-block=\"true\" data-editor=\"2d80u\" data-offset-key=\"brdfo-0-0\">\n<div class=\"_1mf _1mj\" data-offset-key=\"brdfo-0-0\"><span data-offset-key=\"brdfo-0-0\">La 5ta marcha nacional en contra del indulto esta pactada para el 27 de enero del 2018. <\/span><\/div>\n<\/div>\n<div class=\"\" style=\"text-align: justify;\" data-block=\"true\" data-editor=\"2d80u\" data-offset-key=\"8unjd-0-0\">\n<div class=\"_1mf _1mj\" data-offset-key=\"8unjd-0-0\"><span data-offset-key=\"8unjd-0-0\">\u00a0<\/span><\/div>\n<\/div>\n<div class=\"\" data-block=\"true\" data-editor=\"2d80u\" data-offset-key=\"7kadh-0-0\">\n<div class=\"_1mf _1mj\" style=\"text-align: justify;\" data-offset-key=\"7kadh-0-0\"><span data-offset-key=\"7kadh-0-0\">***Inf\u00f3rmate cual es la actual situaci\u00f3n de las mujeres que fueron esterilizadas en contra de su voluntad, durante el gobierno de Alberto Fujimori \u27a1\ufe0fgoo.gl\/UstibU ***<\/span><\/div>\n<\/div>","protected":false},"excerpt":{"rendered":"<p>Desde las 4:00 p.m. del pasado 11 de enero, en la plaza de Limacpampa Grande, miles de cusque\u00f1as y cusque\u00f1os se concentraban para iniciar la marcha por la revocatoria del indulto a Alberto Fujimori. La manifestaci\u00f3n fue liderada por las mujeres v\u00edctimas de esterilizaciones forzadas de #Chumbivilcas y #Anta, provincias del Cusco con mayor cifra [&hellip;]<\/p>\n","protected":false},"author":1,"featured_media":4708,"comment_status":"closed","ping_status":"open","sticky":false,"template":"","format":"standard","meta":{"_monsterinsights_skip_tracking":false,"_monsterinsights_sitenote_active":false,"_monsterinsights_sitenote_note":"","_monsterinsights_sitenote_category":0,"_jetpack_memberships_contains_paid_content":false,"footnotes":"","jetpack_publicize_message":"","jetpack_publicize_feature_enabled":true,"jetpack_social_post_already_shared":false,"jetpack_social_options":{"image_generator_settings":{"template":"highway","default_image_id":0,"font":"","enabled":false},"version":2}},"categories":[1],"tags":[],"class_list":["post-4758","post","type-post","status-publish","format-standard","has-post-thumbnail","hentry","category-sin-categoria"],"blocksy_meta":[],"jetpack_publicize_connections":[],"jetpack_featured_media_url":"https:\/\/derechosinfronteras.pe\/wp-content\/uploads\/2018\/01\/MArcha-contra-el-indulto.jpg","jetpack_sharing_enabled":true,"jetpack_likes_enabled":true,"_links":{"self":[{"href":"https:\/\/derechosinfronteras.pe\/ingles\/wp-json\/wp\/v2\/posts\/4758","targetHints":{"allow":["GET"]}}],"collection":[{"href":"https:\/\/derechosinfronteras.pe\/ingles\/wp-json\/wp\/v2\/posts"}],"about":[{"href":"https:\/\/derechosinfronteras.pe\/ingles\/wp-json\/wp\/v2\/types\/post"}],"author":[{"embeddable":true,"href":"https:\/\/derechosinfronteras.pe\/ingles\/wp-json\/wp\/v2\/users\/1"}],"replies":[{"embeddable":true,"href":"https:\/\/derechosinfronteras.pe\/ingles\/wp-json\/wp\/v2\/comments?post=4758"}],"version-history":[{"count":0,"href":"https:\/\/derechosinfronteras.pe\/ingles\/wp-json\/wp\/v2\/posts\/4758\/revisions"}],"wp:featuredmedia":[{"embeddable":true,"href":"https:\/\/derechosinfronteras.pe\/ingles\/wp-json\/wp\/v2\/media\/4708"}],"wp:attachment":[{"href":"https:\/\/derechosinfronteras.pe\/ingles\/wp-json\/wp\/v2\/media?parent=4758"}],"wp:term":[{"taxonomy":"category","embeddable":true,"href":"https:\/\/derechosinfronteras.pe\/ingles\/wp-json\/wp\/v2\/categories?post=4758"},{"taxonomy":"post_tag","embeddable":true,"href":"https:\/\/derechosinfronteras.pe\/ingles\/wp-json\/wp\/v2\/tags?post=4758"}],"curies":[{"name":"wp","href":"https:\/\/api.w.org\/{rel}","templated":true}]}}