{"id":4759,"date":"2018-01-11T15:23:16","date_gmt":"2018-01-11T20:23:16","guid":{"rendered":"http:\/\/derechosinfronteras.pe\/?p=3423"},"modified":"2018-01-11T15:23:16","modified_gmt":"2018-01-11T20:23:16","slug":"meche-araoz-quiere-sus-muertos","status":"publish","type":"post","link":"https:\/\/derechosinfronteras.pe\/ingles\/meche-araoz-quiere-sus-muertos\/","title":{"rendered":"Meche Ar\u00e1oz, quiere sus muertos."},"content":{"rendered":"<p style=\"text-align: right;\"><strong>Por Ramiro Llatas &#8211; Pdte. DHSF<\/strong><\/p>\n<p style=\"text-align: justify;\">Desde el d\u00eda de hoy acaba de entrar en vigencia, el Decreto Supremo <strong>N\u00b0 006-2018-PCM<\/strong> que declara el Estado de Emergencia, por el t\u00e9rmino de treinta (30) d\u00edas calendario en el Corredor Vial Apur\u00edmac &#8211; Cusco &#8211; Arequipa, con una longitud aproximada de 482.200 km., que abarca desde la Ruta Nacional PE-3S X, ubicada en el distrito de Progreso, provincia de Grau, departamento de Apur\u00edmac, hasta la Ruta Nacional PE-34 A, que culmina en el centro poblado menor Pillones, distrito de San Antonio de Chuca, provincia de Caylloma, departamento de Arequipa, incluyendo los quinientos (500) metros adyacentes a cada lado del Corredor Vial en menci\u00f3n. La Polic\u00eda Nacional del Per\u00fa mantendr\u00e1 el control del orden interno, con el apoyo de las Fuerzas Armadas.<\/p>\n<p style=\"text-align: justify;\">Es una medida desproporcionada, porque en primer lugar, no se justifica, no existe en ese amplio territorio un estado de convulsi\u00f3n social que ponga en riesgo el normal desarrollo de las actividades normales que existen, tanto por el funcionamiento de las instituciones del Estado, as\u00ed como por la vida normal de sus pobladores, cuyos derechos fundamentales no vienen siendo afectados.<\/p>\n<p style=\"text-align: justify;\">Segundo, preocupa que entren a controlar el orden interno las fuerzas armadas. Ellas est\u00e1n preparadas para la guerra externa, pero no para intervenir, en el orden interno.<\/p>\n<p style=\"text-align: justify;\">Tercero, es tremendamente desproporcional, declarar el<strong> Estado de Emergencia<\/strong> en un territorio tan basto. Recordemos que esta medida es eminentemente excepcional, es decir, se da cuando est\u00e1 en riesgo el normal funcionamiento de las instituciones del Estado o la tranquilidad de la poblaci\u00f3n, que no es el caso.<\/p>\n<p style=\"text-align: justify;\">Es deplorable, que la medida se de, para proteger los intereses econ\u00f3micos de la empresa <strong>MMG Las Bamabas<\/strong> que explota principalmente cobre en Cotabambas y usan el corredor vial para transportar sus minerales hacia la costa.<\/p>\n<p style=\"text-align: justify;\">En lugar de declarar el Estado de Emergencia se deber\u00e1 crear mesas de di\u00e1logo vinculantes para escuchar a toda esta poblaci\u00f3n que reclama ser escuchada en sus demandas de no contaminaci\u00f3n a causa de los camiones que pasan todos los d\u00edas levantando una polvareda que malogrado sus terrenos, su agricultura y mata sus animales.<\/p>\n<p style=\"text-align: justify;\">Se equivoca el Gobierno. Que puede uno esperar de un Presidente mentiroso, una primer ministro Mercedes Ar\u00e1oz que en su gesti\u00f3n se produjo la mayor cantidad de muertes producto de un conflicto social y ni siquiera se conmovi\u00f3 con ello. Un ministro de Defensa condenado por malversaci\u00f3n de fondos y un ministro del interior fujimontesinistas.<\/p>\n<p style=\"text-align: justify;\">Que se vayan esos funcionarios que tratan como delincuentes a nuestros compatriotas y que se anule el Decreto Supremo que establece el Estado de Emergencia.<\/p>\n<p>&nbsp;<\/p>","protected":false},"excerpt":{"rendered":"<p>Por Ramiro Llatas &#8211; Pdte. DHSF Desde el d\u00eda de hoy acaba de entrar en vigencia, el Decreto Supremo N\u00b0 006-2018-PCM que declara el Estado de Emergencia, por el t\u00e9rmino de treinta (30) d\u00edas calendario en el Corredor Vial Apur\u00edmac &#8211; Cusco &#8211; Arequipa, con una longitud aproximada de 482.200 km., que abarca desde la [&hellip;]<\/p>\n","protected":false},"author":1,"featured_media":4760,"comment_status":"closed","ping_status":"open","sticky":false,"template":"","format":"standard","meta":{"_monsterinsights_skip_tracking":false,"_monsterinsights_sitenote_active":false,"_monsterinsights_sitenote_note":"","_monsterinsights_sitenote_category":0,"_jetpack_memberships_contains_paid_content":false,"footnotes":"","jetpack_publicize_message":"","jetpack_publicize_feature_enabled":true,"jetpack_social_post_already_shared":false,"jetpack_social_options":{"image_generator_settings":{"template":"highway","default_image_id":0,"font":"","enabled":false},"version":2}},"categories":[1],"tags":[],"class_list":["post-4759","post","type-post","status-publish","format-standard","has-post-thumbnail","hentry","category-sin-categoria"],"blocksy_meta":[],"jetpack_publicize_connections":[],"jetpack_featured_media_url":"https:\/\/derechosinfronteras.pe\/wp-content\/uploads\/2018\/01\/Mercedez-Araoz.jpg","jetpack_sharing_enabled":true,"jetpack_likes_enabled":true,"_links":{"self":[{"href":"https:\/\/derechosinfronteras.pe\/ingles\/wp-json\/wp\/v2\/posts\/4759","targetHints":{"allow":["GET"]}}],"collection":[{"href":"https:\/\/derechosinfronteras.pe\/ingles\/wp-json\/wp\/v2\/posts"}],"about":[{"href":"https:\/\/derechosinfronteras.pe\/ingles\/wp-json\/wp\/v2\/types\/post"}],"author":[{"embeddable":true,"href":"https:\/\/derechosinfronteras.pe\/ingles\/wp-json\/wp\/v2\/users\/1"}],"replies":[{"embeddable":true,"href":"https:\/\/derechosinfronteras.pe\/ingles\/wp-json\/wp\/v2\/comments?post=4759"}],"version-history":[{"count":0,"href":"https:\/\/derechosinfronteras.pe\/ingles\/wp-json\/wp\/v2\/posts\/4759\/revisions"}],"wp:featuredmedia":[{"embeddable":true,"href":"https:\/\/derechosinfronteras.pe\/ingles\/wp-json\/wp\/v2\/media\/4760"}],"wp:attachment":[{"href":"https:\/\/derechosinfronteras.pe\/ingles\/wp-json\/wp\/v2\/media?parent=4759"}],"wp:term":[{"taxonomy":"category","embeddable":true,"href":"https:\/\/derechosinfronteras.pe\/ingles\/wp-json\/wp\/v2\/categories?post=4759"},{"taxonomy":"post_tag","embeddable":true,"href":"https:\/\/derechosinfronteras.pe\/ingles\/wp-json\/wp\/v2\/tags?post=4759"}],"curies":[{"name":"wp","href":"https:\/\/api.w.org\/{rel}","templated":true}]}}