{"id":4761,"date":"2018-01-11T12:50:54","date_gmt":"2018-01-11T17:50:54","guid":{"rendered":"http:\/\/derechosinfronteras.pe\/?p=3419"},"modified":"2018-01-11T12:50:54","modified_gmt":"2018-01-11T17:50:54","slug":"victimas-de-esterilizaciones-forzadas-denuncian-ante-la-cidh-impunidad-por-el-indulto-a-fujimori","status":"publish","type":"post","link":"https:\/\/derechosinfronteras.pe\/ingles\/victimas-de-esterilizaciones-forzadas-denuncian-ante-la-cidh-impunidad-por-el-indulto-a-fujimori\/","title":{"rendered":"V\u00edctimas de esterilizaciones forzadas denuncian ante la CIDH impunidad por el indulto a Fujimori"},"content":{"rendered":"<p style=\"text-align: justify;\">Despu\u00e9s de que el Presidente de la Rep\u00fablica otorgara, de manera irregular y sin sustento legal, el indulto y derecho de gracia a Alberto Fujimori, las v\u00edctimas de esterilizaciones forzadas y sus abogadas realizaron el 11 de enero, alrededor de las 10 de la ma\u00f1ana, una conferencia de prensa en las instalaciones de la Coordinadora Nacional de Derechos Humanos (CNDDHH) para expresar su postura e informar sobre los pasos que han tomado ante el Sistema Interamericano de Derechos Humanos.<\/p>\n<p style=\"text-align: justify;\">Las v\u00edctimas informaron sobre sus exigencias al Ministerio P\u00fablico donde se encuentra pendiente la formalizaci\u00f3n de denuncia. As\u00ed mismo, desatenciones en el Registro de V\u00edctimas de Esterilizaciones Forzadas (REVIESFO), donde hay inscritas m\u00e1s de 4500 v\u00edctimas.<\/p>\n<p style=\"text-align: justify;\">En la conferencia se cont\u00f3 con la presencia del hijo de Mam\u00e9rita Mestanza, fallecida a consecuencia de esterilizaci\u00f3n forzada, as\u00ed como Victoria Vigo y los deudos de Celia Ramos, quienes expresaran su postura y su indignaci\u00f3n por los sistem\u00e1ticos incumplimientos del Estado frente a sus derechos.<\/p>\n<p style=\"text-align: justify;\">Tambi\u00e9n participaron los representantes de la Asociaci\u00f3n de V\u00edctimas de Esterilizaci\u00f3n Forzada de Lima, quienes informaron sobre las vulneraciones de este gobierno al acceso a salud, justicia y reparaci\u00f3n de las mujeres inscritas en el Registro de Victimas de Esterilizaciones Forzadas (REVIESFO). Denunciaron la reciente decisi\u00f3n del Ministerio de la Mujer de cerrar el servicio de atenci\u00f3n psicol\u00f3gica y social, dej\u00e1ndolas sin protecci\u00f3n.<\/p>\n<p style=\"text-align: justify;\">En el a\u00f1o 2003, el Estado peruano reconoci\u00f3 su responsabilidad internacional por la esterilizaci\u00f3n de la se\u00f1ora Mar\u00eda Mam\u00e9rita Mestanza Ch\u00e1vez y se comprometi\u00f3 a realizar una exhaustiva investigaci\u00f3n administrativa y penal contra los responsables de las violaciones de derechos humanos bajo el Programa Nacional de Planificaci\u00f3n Familiar, as\u00ed como a individualizarlos y sancionarlos. Fujimori fue el m\u00e1ximo responsable de la supervisi\u00f3n y ejecuci\u00f3n de una pol\u00edtica p\u00fablica que recurriendo a incentivos indebidos y amenazas \u2013 conllev\u00f3 la esterilizaci\u00f3n forzada de las mujeres ind\u00edgenas, campesinas y en situaci\u00f3n de pobreza en el Per\u00fa. Ahora, mediante el otorgamiento del derecho de gracia se impide que contin\u00fae la investigaci\u00f3n en curso y se condene al se\u00f1or Fujimori por su direcci\u00f3n y significativa participaci\u00f3n en estas esterilizaciones, violando los compromisos internacionales adquiridos en el Acuerdo de Soluci\u00f3n Amistosa, que son de obligatorio cumplimiento para el Per\u00fa y todas sus autoridades.<\/p>\n<p style=\"text-align: justify;\">Las instituciones aliadas y que acompa\u00f1an a las victimas son Demus, Aprodeh, CDR, CLADEM, CEJIL, Derechos Humanos Sin Fronteras de Cusco, MAM LF, Colectivo por la Igualdad de G\u00e9nero Piura, Coordinadora Nacional de Derechos Humanos y GREF.<\/p>","protected":false},"excerpt":{"rendered":"<p>Despu\u00e9s de que el Presidente de la Rep\u00fablica otorgara, de manera irregular y sin sustento legal, el indulto y derecho de gracia a Alberto Fujimori, las v\u00edctimas de esterilizaciones forzadas y sus abogadas realizaron el 11 de enero, alrededor de las 10 de la ma\u00f1ana, una conferencia de prensa en las instalaciones de la Coordinadora [&hellip;]<\/p>\n","protected":false},"author":1,"featured_media":4762,"comment_status":"closed","ping_status":"open","sticky":false,"template":"","format":"standard","meta":{"_monsterinsights_skip_tracking":false,"_monsterinsights_sitenote_active":false,"_monsterinsights_sitenote_note":"","_monsterinsights_sitenote_category":0,"_jetpack_memberships_contains_paid_content":false,"footnotes":"","jetpack_publicize_message":"","jetpack_publicize_feature_enabled":true,"jetpack_social_post_already_shared":false,"jetpack_social_options":{"image_generator_settings":{"template":"highway","default_image_id":0,"font":"","enabled":false},"version":2}},"categories":[1],"tags":[],"class_list":["post-4761","post","type-post","status-publish","format-standard","has-post-thumbnail","hentry","category-sin-categoria"],"blocksy_meta":[],"jetpack_publicize_connections":[],"jetpack_featured_media_url":"https:\/\/derechosinfronteras.pe\/wp-content\/uploads\/2018\/01\/ESTERILIZACIONES.jpg","jetpack_sharing_enabled":true,"jetpack_likes_enabled":true,"_links":{"self":[{"href":"https:\/\/derechosinfronteras.pe\/ingles\/wp-json\/wp\/v2\/posts\/4761","targetHints":{"allow":["GET"]}}],"collection":[{"href":"https:\/\/derechosinfronteras.pe\/ingles\/wp-json\/wp\/v2\/posts"}],"about":[{"href":"https:\/\/derechosinfronteras.pe\/ingles\/wp-json\/wp\/v2\/types\/post"}],"author":[{"embeddable":true,"href":"https:\/\/derechosinfronteras.pe\/ingles\/wp-json\/wp\/v2\/users\/1"}],"replies":[{"embeddable":true,"href":"https:\/\/derechosinfronteras.pe\/ingles\/wp-json\/wp\/v2\/comments?post=4761"}],"version-history":[{"count":0,"href":"https:\/\/derechosinfronteras.pe\/ingles\/wp-json\/wp\/v2\/posts\/4761\/revisions"}],"wp:featuredmedia":[{"embeddable":true,"href":"https:\/\/derechosinfronteras.pe\/ingles\/wp-json\/wp\/v2\/media\/4762"}],"wp:attachment":[{"href":"https:\/\/derechosinfronteras.pe\/ingles\/wp-json\/wp\/v2\/media?parent=4761"}],"wp:term":[{"taxonomy":"category","embeddable":true,"href":"https:\/\/derechosinfronteras.pe\/ingles\/wp-json\/wp\/v2\/categories?post=4761"},{"taxonomy":"post_tag","embeddable":true,"href":"https:\/\/derechosinfronteras.pe\/ingles\/wp-json\/wp\/v2\/tags?post=4761"}],"curies":[{"name":"wp","href":"https:\/\/api.w.org\/{rel}","templated":true}]}}