{"id":4763,"date":"2018-01-11T12:15:30","date_gmt":"2018-01-11T17:15:30","guid":{"rendered":"http:\/\/derechosinfronteras.pe\/?p=3411"},"modified":"2018-01-11T12:15:30","modified_gmt":"2018-01-11T17:15:30","slug":"corredor-minero-vial-de-tres-regiones-es-declarado-en-estado-de-emergencia-para-garantizar-inversion-minera","status":"publish","type":"post","link":"https:\/\/derechosinfronteras.pe\/ingles\/corredor-minero-vial-de-tres-regiones-es-declarado-en-estado-de-emergencia-para-garantizar-inversion-minera\/","title":{"rendered":"Corredor minero vial de tres regiones es declarado en Estado de Emergencia para garantizar inversi\u00f3n extractiva"},"content":{"rendered":"<p style=\"text-align: justify;\">Con Decreto Supremo N\u00ba 006-2018-PCM, el gobierno, con su nuevo gabinete de la \u2018reconciliaci\u00f3n\u2019, acaba de declarar en Estado de Emergencia el Corredor Vial Minero Apur\u00edmac &#8211; Cusco \u2013 Arequipa. Seg\u00fan el DS la medida dudar\u00e1 30 d\u00edas calendarios.<\/p>\n<p style=\"text-align: justify;\">El documento detalla textualmente que esta medida es tomada para \u2018evitar actos contrarios al orden interno que afecten el normal desenvolvimiento de las actividades desarrolladas en el Corredor Vial Apur\u00edmac &#8211; Cusco &#8211; Arequipa y zonas adyacentes, resulta necesario adoptar las medidas constitucionalmente previstas para restablecer el orden interno\u2019.<\/p>\n<p style=\"text-align: justify;\">El corredor vial minero tiene una extensi\u00f3n aproximada de 482.200 km., que abarca desde la Ruta Nacional PE-3S X, ubicada en el distrito de Progreso, provincia de Grau, Apur\u00edmac, hasta la Ruta Nacional PE-34 A, que culmina en el centro poblado menor Pillones, distrito de San Antonio de Chuca, provincia de Caylloma, Arequipa. El Estado de Emergencia incluye los quinientos metros adyacentes a cada lado del Corredor Vial en menci\u00f3n. Durante treinta d\u00edas La Polic\u00eda Nacional del Per\u00fa y las Fuerzas Armadas \u2018mantendr\u00e1n\u2019 el control del orden interno.<\/p>\n<p style=\"text-align: justify;\">Como se sabe por esta v\u00eda son permanentes las manifestaciones de las poblaciones locales en contra de las empresas mineras como: \u2018MMG Las Bambas\u2019, HudBay, Glencore, entre otras, exigiendo les otorgue un resarcimiento econ\u00f3mico por el deterioro a sus viviendas, derrames, accidentes, enfermedades respiratorias y otras afectaciones causadas por el paso de camiones que transportan minerales o residuos t\u00f3xicos. Por esta v\u00eda transitan m\u00e1s de 500 veh\u00edculos por d\u00eda y sumado a esta problem\u00e1tica los accidentes se est\u00e1n volviendo m\u00e1s frecuentes en este corredor vial.<\/p>\n<p style=\"text-align: justify;\">Cabe se\u00f1alar que en el caso de la empresa MMG Las Bambas el 2016 se produjeron fuertes manifestaciones en contra de la empresa minera por las mismas razones se\u00f1aladas lineas arriba. En aquella ocasi\u00f3n, el desalojo a los manifestantes caus\u00f3 la muerte de un comunero: Quintino Cereceda. Las manifestaciones se postergaron porque la empresa y el actual gobierno acordaron una compensaci\u00f3n econ\u00f3mica para las comunidades, las mismas que hasta la fecha no se han cumplido.<\/p>\n<p style=\"text-align: justify;\">Esta nueva medida aplicada para Apurimac, Cusco y Arequipa de declarar estados de emergencia bajo la figura de \u201cpreventiva\u201d, ya no es solo en territorios determinados, ahora se aplica a v\u00edas publicas interregionales, en la practica se militariza los espacios p\u00fablicos de transito para garantizar la inversi\u00f3n minera, siendo contrario al respeto de los derechos humanos, el Estado de derecho y la democracia.<\/p>\n<h5 style=\"text-align: justify;\">\u00bfQu\u00e9 implica un estado de emergencia?<\/h5>\n<p style=\"text-align: justify;\">Seg\u00fan lo que dicta nuestra Constituci\u00f3n, la declaratoria de un Estado de Emergencia deja abierta la posibilidad de suspender o restringir -todos o alguno- de los siguientes derechos:<\/p>\n<p style=\"text-align: justify;\"><strong>*Libertad y seguridad personal:<\/strong> Las detenciones pueden ocurrir sin flagrancia o sin mandato judicial. Las acciones de habeas corpus en relaci\u00f3n a personas detenidas ser\u00e1n declaradas improcedentes.<\/p>\n<p style=\"text-align: justify;\"><strong>*Inviolabilidad de domicilio:<\/strong> Las PNP y\/o Fuerzas Armadas pueden ingresar a cualquier domicilio sin mandato judicial o flagrancia.<\/p>\n<p style=\"text-align: justify;\"><strong>*Libertad de Reuni\u00f3n:<\/strong> Se suspenden todo tipo de reuniones.<\/p>\n<p style=\"text-align: justify;\"><strong>*Libertad de Tr\u00e1nsito:<\/strong> Se puede suspender la libertad de circular en ciertos lugares y\/o en ciertos horarios (No es lo mismo que un \u2018Toque de queda\u2019)<\/p>\n<div class=\"fb-post\" data-href=\"https:\/\/www.facebook.com\/derechossinfronteras.pe\/photos\/a.741549455963585.1073741826.339097252875476\/1337506013034590\/?type=3&#038;theater\" data-width=\"552\" style=\"background-color: #fff; display: inline-block;\"><\/div>","protected":false},"excerpt":{"rendered":"<p>Con Decreto Supremo N\u00ba 006-2018-PCM, el gobierno, con su nuevo gabinete de la \u2018reconciliaci\u00f3n\u2019, acaba de declarar en Estado de Emergencia el Corredor Vial Minero Apur\u00edmac &#8211; Cusco \u2013 Arequipa. Seg\u00fan el DS la medida dudar\u00e1 30 d\u00edas calendarios. El documento detalla textualmente que esta medida es tomada para \u2018evitar actos contrarios al orden interno [&hellip;]<\/p>\n","protected":false},"author":1,"featured_media":4613,"comment_status":"closed","ping_status":"open","sticky":false,"template":"","format":"standard","meta":{"_monsterinsights_skip_tracking":false,"_monsterinsights_sitenote_active":false,"_monsterinsights_sitenote_note":"","_monsterinsights_sitenote_category":0,"_jetpack_memberships_contains_paid_content":false,"footnotes":"","jetpack_publicize_message":"","jetpack_publicize_feature_enabled":true,"jetpack_social_post_already_shared":false,"jetpack_social_options":{"image_generator_settings":{"template":"highway","default_image_id":0,"font":"","enabled":false},"version":2}},"categories":[1],"tags":[],"class_list":["post-4763","post","type-post","status-publish","format-standard","has-post-thumbnail","hentry","category-sin-categoria"],"blocksy_meta":[],"jetpack_publicize_connections":[],"jetpack_featured_media_url":"https:\/\/derechosinfronteras.pe\/wp-content\/uploads\/2018\/01\/Articulo-de-Rapha-e1515688212890.jpeg","jetpack_sharing_enabled":true,"jetpack_likes_enabled":true,"_links":{"self":[{"href":"https:\/\/derechosinfronteras.pe\/ingles\/wp-json\/wp\/v2\/posts\/4763","targetHints":{"allow":["GET"]}}],"collection":[{"href":"https:\/\/derechosinfronteras.pe\/ingles\/wp-json\/wp\/v2\/posts"}],"about":[{"href":"https:\/\/derechosinfronteras.pe\/ingles\/wp-json\/wp\/v2\/types\/post"}],"author":[{"embeddable":true,"href":"https:\/\/derechosinfronteras.pe\/ingles\/wp-json\/wp\/v2\/users\/1"}],"replies":[{"embeddable":true,"href":"https:\/\/derechosinfronteras.pe\/ingles\/wp-json\/wp\/v2\/comments?post=4763"}],"version-history":[{"count":0,"href":"https:\/\/derechosinfronteras.pe\/ingles\/wp-json\/wp\/v2\/posts\/4763\/revisions"}],"wp:featuredmedia":[{"embeddable":true,"href":"https:\/\/derechosinfronteras.pe\/ingles\/wp-json\/wp\/v2\/media\/4613"}],"wp:attachment":[{"href":"https:\/\/derechosinfronteras.pe\/ingles\/wp-json\/wp\/v2\/media?parent=4763"}],"wp:term":[{"taxonomy":"category","embeddable":true,"href":"https:\/\/derechosinfronteras.pe\/ingles\/wp-json\/wp\/v2\/categories?post=4763"},{"taxonomy":"post_tag","embeddable":true,"href":"https:\/\/derechosinfronteras.pe\/ingles\/wp-json\/wp\/v2\/tags?post=4763"}],"curies":[{"name":"wp","href":"https:\/\/api.w.org\/{rel}","templated":true}]}}