{"id":4764,"date":"2018-01-11T12:01:48","date_gmt":"2018-01-11T17:01:48","guid":{"rendered":"http:\/\/derechosinfronteras.pe\/?p=3413"},"modified":"2018-01-11T12:01:48","modified_gmt":"2018-01-11T17:01:48","slug":"indultoesinsulto-justicia-y-reparacion-para-las-mujeres-esterilizadas","status":"publish","type":"post","link":"https:\/\/derechosinfronteras.pe\/ingles\/indultoesinsulto-justicia-y-reparacion-para-las-mujeres-esterilizadas\/","title":{"rendered":"#IndultoEsInsulto: Justicia y reparaci\u00f3n para las mujeres esterilizadas"},"content":{"rendered":"<p style=\"text-align: right;\">Susi Sotalero<br \/>\n\u00c1rea de Comunicaci\u00f3n e Incidencia, DHSF<\/p>\n<p style=\"text-align: justify;\">En el 2016 el presidente de la Rep\u00fablica Pedro Pablo Kuczynski asumi\u00f3 el compromiso de reparar a las v\u00edctimas de esterilizaciones forzadas, \u00e9l indico: \u201cmi gobierno reivindicar\u00e1 los derechos de todos. El Estado tiene una deuda hist\u00f3rica con estas mujeres, estos caso fueron realmente un crimen contra la humanidad, tenemos que recordar eso, y apoyar a esas mujeres con una compensaci\u00f3n, que nunca realmente compensar\u00e1 lo que han perdido, ese programa estar\u00e1 en marcha desde el primer d\u00eda de mi mandato\u201d1, lamentablemente a m\u00e1s de un a\u00f1o de su\u00a0gobierno, comprobamos una vez m\u00e1s que los candidatos se olvidan de sus compromisos al obtener el cargo.<\/p>\n<p style=\"text-align: justify;\">Recordemos que luego de aprobado el procedimiento de inscripci\u00f3n el 6 de diciembre del 2015 bajo el mandato del ex presidente Ollanta Humala, el 2016 inici\u00f3 el Registro de Victimas de Esterilizaciones Forzadas (REVIESFO), registro administrativo creado con la finalidad de identificar el n\u00famero de personas afectadas por las esterilizaciones forzadas producidas durante el per\u00edodo 1995 \u2013 2001. Sin embargo la justicia para ellos y ellas parece ser imposible; m\u00e1s en este contexto pol\u00edtico donde nuestro pa\u00eds, una vez m\u00e1s, est\u00e1 en manos del fujimorismo con la mayor\u00eda de parlamentarios dentro del congreso y quienes adem\u00e1s niegan las esterilizaciones.<\/p>\n<p style=\"text-align: justify;\">En la regi\u00f3n de Cusco seg\u00fan el Ministerio de Justicia y Derechos Humanos, a trav\u00e9s del mencionado registro, durante el a\u00f1o 2016 se registraron en total 1321 personas esterilizadas, de las cuales 1263 son mujeres y 58 varones. S\u00f3lo en la regi\u00f3n del Cusco hasta el 31 de octubre del a\u00f1o 2017 se registraron 1443 personas entre varones y mujeres (66 y 1377 respectivamente) y de la cifra global tenemos en la provincia de Chumbivilcas a 216 mujeres y 2 varones.<br \/>\nSi bien es cierto que las cifras registradas durante este a\u00f1o (17\u00a0nuevos registros) no se han incrementado en la misma medida en comparaci\u00f3n al a\u00f1o pasado (201 registros), es evidente que todav\u00eda existen m\u00e1s v\u00edctimas de esterilizaciones forzadas.<\/p>\n<p style=\"text-align: justify;\">Las cifras del REVIESFO no contemplan a todas las v\u00edctimas y prueba de ello es que la Asociaci\u00f3n de Mujeres Afectadas por esterilizaciones Forzadas de la provincia de Chumbivilcas tiene empadronada a 280 personas de los cuales 218 est\u00e1n inscritas en el REVIESFO, 12 personas fueron rechazadas en el proceso de inscripci\u00f3n debido a que no cumplieron con uno de los requisitos, como la existencia de un documento m\u00e9dico que acredite la realizaci\u00f3n de la esterilizaci\u00f3n quir\u00fargica o un diagn\u00f3stico m\u00e9dico presuntivo que evidencie que se haya realizado una operaci\u00f3n de anticoncepci\u00f3n quir\u00fargica, si no se cuenta con el primero, el diagn\u00f3stico presuntivo podr\u00e1 realizarse al momento de la inscripci\u00f3n), quiere decir que 50 personas integrantes de la asociaci\u00f3n aun no son parte del registro y eso nos lleva a preguntarnos respecto a \u00bfcu\u00e1ntas personas que no son parte de la asociaci\u00f3n son v\u00edctimas y por verg\u00fcenza, miedo o desconocimiento a\u00fan no se han inscrito en el REVIESFO?<\/p>\n<p style=\"text-align: justify;\">Tal es el caso de la provincia de Espinar, Paruro, la Convenci\u00f3n y otras provincias que no aparecen dentro de la informaci\u00f3n manejada por el REVIESFO \u2013 Ministerio de Justicia, sin embargo Derechos Humanos sin Fronteras, que viene trabajando en las provincias Espinar y Paruro, tom\u00f3 conocimiento con la presidenta de la organizaci\u00f3n de mujeres del distrito de Colcha Otilia Flores Y\u00e1bar, quien tambi\u00e9n es v\u00edctima de esterilizaci\u00f3n Forzada, de la existencia de un grupo de afectadas que por verg\u00fcenza y falta de sensibilizaci\u00f3n no lo dicen. Colcha Otilia se aperson\u00f3 ante la Direcci\u00f3n Distrital de Defensa Publica y Acceso a la Justicia de Cusco, instituci\u00f3n a cargo del REVIESFO en la regi\u00f3n, para que pueda haber una campa\u00f1a itinerante de registro en la Provincia de Paruro, sin embargo este tipo de acciones deben ser realizadas cuando se cuente con un n\u00famero m\u00ednimo de beneficiarios (20) que en la provincia de Paruro todav\u00eda no se ha logrado organizar.<\/p>\n<p style=\"text-align: justify;\">Si bien en la provincia de Chumbivilcas se logr\u00f3 registrar un n\u00famero importante de personas, In\u00e9s Condori Anaya presidenta de la organizaci\u00f3n de mujeres Afectadas por esterilizaciones Forzadas de la provincia manifiesta que: \u201cEl Ministerio de Justicia debe programar otra fecha m\u00e1s porque faltan registrarse muchas personas, pero esta vez que vayan comunidad por comunidad y que se sensibilice m\u00e1s\u201d.<\/p>\n<p style=\"text-align: justify;\">Las victimas un a\u00f1o m\u00e1s est\u00e1n a la espera de Justicia, verdad y reparaci\u00f3n, al margen de las ideas y expresiones de personas particulares que niegan o cuestionan las esterilizaciones forzadas, lo cierto es que est\u00e1 probado que s\u00ed se realizaron esterilizaciones forzadas, en condiciones deplorables, bajo enga\u00f1os, amenazas y en su mayor\u00eda a campesinos y campesinas de las zonas m\u00e1s pobres de nuestro pa\u00eds\u2022<\/p>","protected":false},"excerpt":{"rendered":"<p>Susi Sotalero \u00c1rea de Comunicaci\u00f3n e Incidencia, DHSF En el 2016 el presidente de la Rep\u00fablica Pedro Pablo Kuczynski asumi\u00f3 el compromiso de reparar a las v\u00edctimas de esterilizaciones forzadas, \u00e9l indico: \u201cmi gobierno reivindicar\u00e1 los derechos de todos. El Estado tiene una deuda hist\u00f3rica con estas mujeres, estos caso fueron realmente un crimen contra [&hellip;]<\/p>\n","protected":false},"author":1,"featured_media":4670,"comment_status":"closed","ping_status":"open","sticky":false,"template":"","format":"standard","meta":{"_monsterinsights_skip_tracking":false,"_monsterinsights_sitenote_active":false,"_monsterinsights_sitenote_note":"","_monsterinsights_sitenote_category":0,"_jetpack_memberships_contains_paid_content":false,"footnotes":"","jetpack_publicize_message":"","jetpack_publicize_feature_enabled":true,"jetpack_social_post_already_shared":false,"jetpack_social_options":{"image_generator_settings":{"template":"highway","default_image_id":0,"font":"","enabled":false},"version":2}},"categories":[1],"tags":[],"class_list":["post-4764","post","type-post","status-publish","format-standard","has-post-thumbnail","hentry","category-sin-categoria"],"blocksy_meta":[],"jetpack_publicize_connections":[],"jetpack_featured_media_url":"https:\/\/derechosinfronteras.pe\/wp-content\/uploads\/2018\/01\/23-y-24-1-e1515689828649.jpg","jetpack_sharing_enabled":true,"jetpack_likes_enabled":true,"_links":{"self":[{"href":"https:\/\/derechosinfronteras.pe\/ingles\/wp-json\/wp\/v2\/posts\/4764","targetHints":{"allow":["GET"]}}],"collection":[{"href":"https:\/\/derechosinfronteras.pe\/ingles\/wp-json\/wp\/v2\/posts"}],"about":[{"href":"https:\/\/derechosinfronteras.pe\/ingles\/wp-json\/wp\/v2\/types\/post"}],"author":[{"embeddable":true,"href":"https:\/\/derechosinfronteras.pe\/ingles\/wp-json\/wp\/v2\/users\/1"}],"replies":[{"embeddable":true,"href":"https:\/\/derechosinfronteras.pe\/ingles\/wp-json\/wp\/v2\/comments?post=4764"}],"version-history":[{"count":0,"href":"https:\/\/derechosinfronteras.pe\/ingles\/wp-json\/wp\/v2\/posts\/4764\/revisions"}],"wp:featuredmedia":[{"embeddable":true,"href":"https:\/\/derechosinfronteras.pe\/ingles\/wp-json\/wp\/v2\/media\/4670"}],"wp:attachment":[{"href":"https:\/\/derechosinfronteras.pe\/ingles\/wp-json\/wp\/v2\/media?parent=4764"}],"wp:term":[{"taxonomy":"category","embeddable":true,"href":"https:\/\/derechosinfronteras.pe\/ingles\/wp-json\/wp\/v2\/categories?post=4764"},{"taxonomy":"post_tag","embeddable":true,"href":"https:\/\/derechosinfronteras.pe\/ingles\/wp-json\/wp\/v2\/tags?post=4764"}],"curies":[{"name":"wp","href":"https:\/\/api.w.org\/{rel}","templated":true}]}}