{"id":4767,"date":"2017-12-21T12:46:10","date_gmt":"2017-12-21T17:46:10","guid":{"rendered":"http:\/\/derechosinfronteras.pe\/?p=3402"},"modified":"2017-12-21T12:46:10","modified_gmt":"2017-12-21T17:46:10","slug":"espinar-distrito-de-coporaque-aprueba-paro-de-48-horas","status":"publish","type":"post","link":"https:\/\/derechosinfronteras.pe\/ingles\/espinar-distrito-de-coporaque-aprueba-paro-de-48-horas\/","title":{"rendered":"Espinar: Distrito de Coporaque aprueba paro de 48 horas"},"content":{"rendered":"<h6 style=\"text-align: justify;\"><span style=\"color: #808000;\">El Frente \u00danico de Defensa de los Intereses del Distrito de Coporaque (FUDIC) ha decidido impulsar un paro de 48 horas para los d\u00edas 27 y 28 de diciembre del presente a\u00f1o, estas serian las razones:<\/span><\/h6>\n<p style=\"text-align: justify;\">El distrito de Coporaque se encuentra en la provincia de Espinar y <strong>sus comunidades se encuentran enclavadas en la ruta minera, en el llamado corredor minero,<\/strong> carreteras y caminos utilizados por MMG Las Bambas, Hudbay Minerals Per\u00fa SAC, Anabi, Tintaya Antapacay, entro otros peque\u00f1os proyectos mineros.<\/p>\n<p style=\"text-align: justify;\"><strong>Esa situaci\u00f3n del distrito ha llevado a una contaminaci\u00f3n ambiental para Coporaque<\/strong>, los 500 camiones mineros cargados llenos de mineral provocan una polvareda en una carretera que no es adecuada, tampoco asfaltada; es una trocha que adem\u00e1s de emanar polvareda, genera ruidos; as\u00ed como la intransitabilidad de veh\u00edculos menores.<\/p>\n<p style=\"text-align: justify;\">Asimismo, el distrito de Coporaque exige se cumpla el compromiso del gobierno para impulsar el Afianzamiento del Balance H\u00eddrico, materializar proyectos de inversi\u00f3n p\u00fablica como son el proyecto Tahuapalcca, proyecto Ca\u00f1on de Apur\u00edmac, Proyecto Totora, Queroccollana, Huayhuahuasi, entre otros.<\/p>\n<p><img fetchpriority=\"high\" decoding=\"async\" class=\"aligncenter size-full wp-image-3403\" src=\"http:\/\/derechosinfronteras.pe\/wp-content\/uploads\/2017\/12\/Coporaque.jpeg\" alt=\"\" width=\"720\" height=\"938\" \/><\/p>\n<p><span style=\"color: #808000;\"><em><strong>Foto Superior: Diario La Rep\u00fablica.<\/strong><\/em><\/span><\/p>","protected":false},"excerpt":{"rendered":"<p>El Frente \u00danico de Defensa de los Intereses del Distrito de Coporaque (FUDIC) ha decidido impulsar un paro de 48 horas para los d\u00edas 27 y 28 de diciembre del presente a\u00f1o, estas serian las razones: El distrito de Coporaque se encuentra en la provincia de Espinar y sus comunidades se encuentran enclavadas en la [&hellip;]<\/p>\n","protected":false},"author":1,"featured_media":4768,"comment_status":"closed","ping_status":"open","sticky":false,"template":"","format":"standard","meta":{"_monsterinsights_skip_tracking":false,"_monsterinsights_sitenote_active":false,"_monsterinsights_sitenote_note":"","_monsterinsights_sitenote_category":0,"_jetpack_memberships_contains_paid_content":false,"footnotes":"","jetpack_publicize_message":"","jetpack_publicize_feature_enabled":true,"jetpack_social_post_already_shared":false,"jetpack_social_options":{"image_generator_settings":{"template":"highway","default_image_id":0,"font":"","enabled":false},"version":2}},"categories":[1],"tags":[],"class_list":["post-4767","post","type-post","status-publish","format-standard","has-post-thumbnail","hentry","category-sin-categoria"],"blocksy_meta":[],"jetpack_publicize_connections":[],"jetpack_featured_media_url":"https:\/\/derechosinfronteras.pe\/wp-content\/uploads\/2017\/12\/coporaque-02.jpg","jetpack_sharing_enabled":true,"jetpack_likes_enabled":true,"_links":{"self":[{"href":"https:\/\/derechosinfronteras.pe\/ingles\/wp-json\/wp\/v2\/posts\/4767","targetHints":{"allow":["GET"]}}],"collection":[{"href":"https:\/\/derechosinfronteras.pe\/ingles\/wp-json\/wp\/v2\/posts"}],"about":[{"href":"https:\/\/derechosinfronteras.pe\/ingles\/wp-json\/wp\/v2\/types\/post"}],"author":[{"embeddable":true,"href":"https:\/\/derechosinfronteras.pe\/ingles\/wp-json\/wp\/v2\/users\/1"}],"replies":[{"embeddable":true,"href":"https:\/\/derechosinfronteras.pe\/ingles\/wp-json\/wp\/v2\/comments?post=4767"}],"version-history":[{"count":0,"href":"https:\/\/derechosinfronteras.pe\/ingles\/wp-json\/wp\/v2\/posts\/4767\/revisions"}],"wp:featuredmedia":[{"embeddable":true,"href":"https:\/\/derechosinfronteras.pe\/ingles\/wp-json\/wp\/v2\/media\/4768"}],"wp:attachment":[{"href":"https:\/\/derechosinfronteras.pe\/ingles\/wp-json\/wp\/v2\/media?parent=4767"}],"wp:term":[{"taxonomy":"category","embeddable":true,"href":"https:\/\/derechosinfronteras.pe\/ingles\/wp-json\/wp\/v2\/categories?post=4767"},{"taxonomy":"post_tag","embeddable":true,"href":"https:\/\/derechosinfronteras.pe\/ingles\/wp-json\/wp\/v2\/tags?post=4767"}],"curies":[{"name":"wp","href":"https:\/\/api.w.org\/{rel}","templated":true}]}}