{"id":4770,"date":"2017-12-20T13:02:05","date_gmt":"2017-12-20T18:02:05","guid":{"rendered":"http:\/\/derechosinfronteras.pe\/?p=3400"},"modified":"2017-12-20T13:02:05","modified_gmt":"2017-12-20T18:02:05","slug":"pronunciamiento-por-el-respeto-de-la-institucionalidad-democratica-el-sistema-de-justicia-los-derechos-humanos-y-la-lucha-contra-la-corrupcion","status":"publish","type":"post","link":"https:\/\/derechosinfronteras.pe\/ingles\/pronunciamiento-por-el-respeto-de-la-institucionalidad-democratica-el-sistema-de-justicia-los-derechos-humanos-y-la-lucha-contra-la-corrupcion\/","title":{"rendered":"Pronunciamiento: Por el respeto de la institucionalidad democr\u00e1tica, el sistema de justicia, los derechos humanos y la lucha contra la corrupci\u00f3n."},"content":{"rendered":"<p style=\"text-align: justify;\">Ciudadanos y ciudadanas indignadas del sur andino peruano, por la grave situaci\u00f3n pol\u00edtica que viene atravesando nuestro pa\u00eds, queremos emitir el siguiente pronunciamiento a la opini\u00f3n p\u00fablica regional y nacional:<\/p>\n<p style=\"text-align: justify;\">Primero:- Vivimos en un Estado Constitucional y las decisiones que se tomen deber\u00e1n hacerse respetando los procedimientos y los derechos humanos de las personas implicadas en graves acusaciones de corrupci\u00f3n. Podemos discrepar pol\u00edticamente de Pedro Pablo Kuczynski, pero si se le acusa de algo grave, m\u00ednimamente se debe garantizar un proceso con las debidas garant\u00edas constitucionales, de acuerdo a las reglas establecidas y no por encima de ellas. Una de estas garant\u00edas es el derecho a la defensa y a ser investigado y sancionado por autoridades imparciales y no por aquellas que tienen otros intereses, que no son los intereses del Pa\u00eds.<\/p>\n<p style=\"text-align: justify;\">Segundo:- Exigimos que las instituciones p\u00fablicas como el Ministerio Publico, el Poder Judicial, la Contralor\u00eda General de la Rep\u00fablica, entre otras, sean m\u00e1s eficaces y r\u00e1pidas para investigar, juzgar y sancionar, seg\u00fan sea el caso, a ex y actuales funcionarios inmersos en actos de corrupci\u00f3n. Incluido el actual Presidente. No es posible, que estos procesos tengan que durar tanto tiempo y que sean selectivos solo con algunas personas. Aunque reconocemos la labor de la Fiscal\u00eda, necesitamos que sean m\u00e1s eficaces en las investigaciones en contra de Keiko y Alan Garcia.<\/p>\n<p style=\"text-align: justify;\">Tercero:- El Pa\u00eds, no puede caminar de acuerdo a lo que se le ocurra a un grupo pol\u00edtico, es decir, casi a la deriva. Creemos que el partido Fujimorista Fuerza Popular, tal como lo ha demostrado hasta ahora, representa el autoritarismo, la matoner\u00eda, y el cinismo, que solo vela por sus intereses partidarios y no de los ciudadanos y ciudadanas del Per\u00fa.<\/p>\n<p style=\"text-align: justify;\">Cuarto: Fuerza Popular conjuntamente con el APRA ha establecido una alianza para dejar en la impunidad sus m\u00faltiples denuncias por corrupci\u00f3n y otros delitos que se les investiga. No es posible, tanta coincidencia, en el momento que avanzan las investigaciones en contra de Keiko Fujimori por actos de corrupci\u00f3n y lavado de activos, como integrantes de una banda criminal, se quieran traer abajo a miembros del<\/p>\n<p style=\"text-align: justify;\">Tribunal Constitucional, queriendo vacarlos, por el hecho de haber resuelto un caso que tiene que ver con unos de los peores cr\u00edmenes que sucedi\u00f3 en nuestro Pa\u00eds, conocido como el caso El Front\u00f3n. Eso es amedrentamiento y ponerse por encima de la Ley.<\/p>\n<p style=\"text-align: justify;\">Los ciudadanos y ciudadanas de este lado del Pa\u00eds, estamos muy indignados con la actual situaci\u00f3n, donde la mayor responsabilidad pol\u00edtica, recae sobre Fuerza Popular y el APRA. Es hora de terminar con esto. Por ello hacemos un llamado a la ciudadan\u00eda en general a movilizarse para defender los derechos ganados hasta ahora, as\u00ed como nuestra precaria institucionalidad democr\u00e1tica y el sistema de justicia luego de la dictadura fujimorista de los 90. No permitamos que nos arrebaten el pa\u00eds.<\/p>\n<p style=\"text-align: justify;\">Suscribimos en se\u00f1al de conformidad a los diecinueve d\u00edas del mes de diciembre el a\u00f1o dos mil diecisiete.<\/p>\n<p>&nbsp;<\/p>\n<p>Para suscribirlo por favor mandar sus nombres y apellidos completos y su DNI al correo\u00a0<a href=\"mailto:jorallape@gmail.com\" target=\"_blank\" rel=\"nofollow noopener noreferrer\">jorallape@gmail.com<\/a>\u00a0o a\u00a0<a href=\"mailto:jaime_borda@yahoo.es\" target=\"_blank\" rel=\"nofollow noopener noreferrer\">jaime_borda@yahoo.es<\/a><\/p>","protected":false},"excerpt":{"rendered":"<p>Ciudadanos y ciudadanas indignadas del sur andino peruano, por la grave situaci\u00f3n pol\u00edtica que viene atravesando nuestro pa\u00eds, queremos emitir el siguiente pronunciamiento a la opini\u00f3n p\u00fablica regional y nacional: Primero:- Vivimos en un Estado Constitucional y las decisiones que se tomen deber\u00e1n hacerse respetando los procedimientos y los derechos humanos de las personas implicadas [&hellip;]<\/p>\n","protected":false},"author":1,"featured_media":4771,"comment_status":"closed","ping_status":"open","sticky":false,"template":"","format":"standard","meta":{"_monsterinsights_skip_tracking":false,"_monsterinsights_sitenote_active":false,"_monsterinsights_sitenote_note":"","_monsterinsights_sitenote_category":0,"_jetpack_memberships_contains_paid_content":false,"footnotes":"","jetpack_publicize_message":"","jetpack_publicize_feature_enabled":true,"jetpack_social_post_already_shared":false,"jetpack_social_options":{"image_generator_settings":{"template":"highway","default_image_id":0,"font":"","enabled":false},"version":2}},"categories":[1],"tags":[],"class_list":["post-4770","post","type-post","status-publish","format-standard","has-post-thumbnail","hentry","category-sin-categoria"],"blocksy_meta":[],"jetpack_publicize_connections":[],"jetpack_featured_media_url":"https:\/\/derechosinfronteras.pe\/wp-content\/uploads\/2017\/11\/Dictadura-Nunca-Mas.jpg","jetpack_sharing_enabled":true,"jetpack_likes_enabled":true,"_links":{"self":[{"href":"https:\/\/derechosinfronteras.pe\/ingles\/wp-json\/wp\/v2\/posts\/4770","targetHints":{"allow":["GET"]}}],"collection":[{"href":"https:\/\/derechosinfronteras.pe\/ingles\/wp-json\/wp\/v2\/posts"}],"about":[{"href":"https:\/\/derechosinfronteras.pe\/ingles\/wp-json\/wp\/v2\/types\/post"}],"author":[{"embeddable":true,"href":"https:\/\/derechosinfronteras.pe\/ingles\/wp-json\/wp\/v2\/users\/1"}],"replies":[{"embeddable":true,"href":"https:\/\/derechosinfronteras.pe\/ingles\/wp-json\/wp\/v2\/comments?post=4770"}],"version-history":[{"count":0,"href":"https:\/\/derechosinfronteras.pe\/ingles\/wp-json\/wp\/v2\/posts\/4770\/revisions"}],"wp:featuredmedia":[{"embeddable":true,"href":"https:\/\/derechosinfronteras.pe\/ingles\/wp-json\/wp\/v2\/media\/4771"}],"wp:attachment":[{"href":"https:\/\/derechosinfronteras.pe\/ingles\/wp-json\/wp\/v2\/media?parent=4770"}],"wp:term":[{"taxonomy":"category","embeddable":true,"href":"https:\/\/derechosinfronteras.pe\/ingles\/wp-json\/wp\/v2\/categories?post=4770"},{"taxonomy":"post_tag","embeddable":true,"href":"https:\/\/derechosinfronteras.pe\/ingles\/wp-json\/wp\/v2\/tags?post=4770"}],"curies":[{"name":"wp","href":"https:\/\/api.w.org\/{rel}","templated":true}]}}