{"id":4772,"date":"2017-12-19T13:26:14","date_gmt":"2017-12-19T18:26:14","guid":{"rendered":"http:\/\/derechosinfronteras.pe\/?p=3396"},"modified":"2017-12-19T13:26:14","modified_gmt":"2017-12-19T18:26:14","slug":"chumbivilcas-nuevamente-hudbay-no-participa-de-mesa-tecnica","status":"publish","type":"post","link":"https:\/\/derechosinfronteras.pe\/ingles\/chumbivilcas-nuevamente-hudbay-no-participa-de-mesa-tecnica\/","title":{"rendered":"Chumbivilcas: Nuevamente Hudbay no participa de Mesa T\u00e9cnica"},"content":{"rendered":"<p style=\"text-align: justify;\">Para el 18 de diciembre, estaba pactada una nueva reuni\u00f3n de la Mesa T\u00e9cnica, conformada por autoridades, l\u00edderes, y dirigentes, representantes comunales y la empresa minera Hudbay. La agenda era concreta: pedirle a la trasnacional el 3% de sus utilidades para que se inviertan en proyectos de desarrollo, principalmente, en las zonas afectadas por la actividad extractiva.<\/p>\n<p style=\"text-align: justify;\">Est\u00e1 propuesta, ten\u00eda el respaldo del Alcalde Provincial de Chumbivilcas, David Vera, quien, junto a otras autoridades y dirigentes realizaron una conferencia de prensa en las instalaciones del Gobierno Regional de Cusco, para anunciar el acuerdo de exigirle a Hudbay el aporte anual al equivalente del 3% de sus utilidades netas.<\/p>\n<p style=\"text-align: justify;\">Para ayer, estaba prevista esta reuni\u00f3n, para poder evaluar la firma de un Convenio Marco con las condiciones de la Municipalidad y las y los l\u00edderes de Chumbivilcas, sin embargo, c\u00f3mo lo confirmaron trabajadores de la comuna, ning\u00fan representante de la empresa y del Ministerio de Energ\u00eda y Minas se hicieron presentes en dicha reuni\u00f3n.<\/p>\n<p style=\"text-align: justify;\">Las y los asistentes a la asamblea, redactaron un pronunciamiento en el que dejan en evidencia su total disposici\u00f3n para dialogar, pero que los intentos se han visto frustrados por la falta de voluntad de la Empresa y del Estado, para firmar un Convenio Marco. Adem\u00e1s exhortaron a los diferentes niveles de Gobierno a involucrarse en el proceso.<\/p>\n<p><img fetchpriority=\"high\" decoding=\"async\" class=\"aligncenter size-large wp-image-3397\" src=\"http:\/\/derechosinfronteras.pe\/wp-content\/uploads\/2017\/12\/WhatsApp-Image-2017-12-19-at-11.55.52-AM-576x1024.jpeg\" alt=\"\" width=\"576\" height=\"1024\" \/><\/p>\n<p>&nbsp;<\/p>","protected":false},"excerpt":{"rendered":"<p>Para el 18 de diciembre, estaba pactada una nueva reuni\u00f3n de la Mesa T\u00e9cnica, conformada por autoridades, l\u00edderes, y dirigentes, representantes comunales y la empresa minera Hudbay. La agenda era concreta: pedirle a la trasnacional el 3% de sus utilidades para que se inviertan en proyectos de desarrollo, principalmente, en las zonas afectadas por la [&hellip;]<\/p>\n","protected":false},"author":1,"featured_media":4773,"comment_status":"closed","ping_status":"open","sticky":false,"template":"","format":"standard","meta":{"_monsterinsights_skip_tracking":false,"_monsterinsights_sitenote_active":false,"_monsterinsights_sitenote_note":"","_monsterinsights_sitenote_category":0,"_jetpack_memberships_contains_paid_content":false,"footnotes":"","jetpack_publicize_message":"","jetpack_publicize_feature_enabled":true,"jetpack_social_post_already_shared":false,"jetpack_social_options":{"image_generator_settings":{"template":"highway","default_image_id":0,"font":"","enabled":false},"version":2}},"categories":[1],"tags":[],"class_list":["post-4772","post","type-post","status-publish","format-standard","has-post-thumbnail","hentry","category-sin-categoria"],"blocksy_meta":[],"jetpack_publicize_connections":[],"jetpack_featured_media_url":"https:\/\/derechosinfronteras.pe\/wp-content\/uploads\/2017\/12\/chumbi-1.jpg","jetpack_sharing_enabled":true,"jetpack_likes_enabled":true,"_links":{"self":[{"href":"https:\/\/derechosinfronteras.pe\/ingles\/wp-json\/wp\/v2\/posts\/4772","targetHints":{"allow":["GET"]}}],"collection":[{"href":"https:\/\/derechosinfronteras.pe\/ingles\/wp-json\/wp\/v2\/posts"}],"about":[{"href":"https:\/\/derechosinfronteras.pe\/ingles\/wp-json\/wp\/v2\/types\/post"}],"author":[{"embeddable":true,"href":"https:\/\/derechosinfronteras.pe\/ingles\/wp-json\/wp\/v2\/users\/1"}],"replies":[{"embeddable":true,"href":"https:\/\/derechosinfronteras.pe\/ingles\/wp-json\/wp\/v2\/comments?post=4772"}],"version-history":[{"count":0,"href":"https:\/\/derechosinfronteras.pe\/ingles\/wp-json\/wp\/v2\/posts\/4772\/revisions"}],"wp:featuredmedia":[{"embeddable":true,"href":"https:\/\/derechosinfronteras.pe\/ingles\/wp-json\/wp\/v2\/media\/4773"}],"wp:attachment":[{"href":"https:\/\/derechosinfronteras.pe\/ingles\/wp-json\/wp\/v2\/media?parent=4772"}],"wp:term":[{"taxonomy":"category","embeddable":true,"href":"https:\/\/derechosinfronteras.pe\/ingles\/wp-json\/wp\/v2\/categories?post=4772"},{"taxonomy":"post_tag","embeddable":true,"href":"https:\/\/derechosinfronteras.pe\/ingles\/wp-json\/wp\/v2\/tags?post=4772"}],"curies":[{"name":"wp","href":"https:\/\/api.w.org\/{rel}","templated":true}]}}