{"id":4774,"date":"2017-12-18T18:40:56","date_gmt":"2017-12-18T23:40:56","guid":{"rendered":"http:\/\/derechosinfronteras.pe\/?p=3390"},"modified":"2017-12-18T18:40:56","modified_gmt":"2017-12-18T23:40:56","slug":"conferencia-episcopal-peruana-por-el-bien-comun-de-la-patria","status":"publish","type":"post","link":"https:\/\/derechosinfronteras.pe\/ingles\/conferencia-episcopal-peruana-por-el-bien-comun-de-la-patria\/","title":{"rendered":"Conferencia Episcopal Peruana: Por el Bien Com\u00fan de la Patria"},"content":{"rendered":"<p class=\"x_m_4876251899679132385m-2098197065262262766m-457922514024317600m1015511248952574040gmail-msonormal\" align=\"center\"><b><span style=\"font-size: xx-large;\">\u00a1CUANDO SE TRATA DEL BIEN DEL PER\u00da,<br \/>\nNO HAN DE REGIR INTERESES PARTICULARES<br \/>\nSINO EL BIEN COM\u00daN DE LA PATRIA!<\/span><\/b><u><\/u><u><\/u><\/p>\n<p class=\"x_m_4876251899679132385m-2098197065262262766m-457922514024317600m1015511248952574040gmail-msonormal\" style=\"text-align: justify;\"><span style=\"font-size: large;\">En esta hora crucial que vive nuestra patria, en la que est\u00e1 en juego la vigencia del orden democr\u00e1tico y del estado de derecho, \u201cnos preocupa, como a toda la sociedad peruana, el debilitamiento de la institucionalidad en los poderes del Estado y la corrupci\u00f3n\u201d (Comunicado de la CEP, 28.11.2017).<u><\/u><u><\/u><\/span><\/p>\n<p class=\"x_m_4876251899679132385m-2098197065262262766m-457922514024317600m1015511248952574040gmail-msonormal\" style=\"text-align: justify;\"><span style=\"font-size: large;\"><span lang=\"ES\">El escenario de esta \u00faltima semana se ha vuelto a\u00fan m\u00e1s complejo y doloroso. El cuestionamiento a la Fiscal\u00eda de la Naci\u00f3n, al Tribunal Constitucional y a la misma Presidencia de la Rep\u00fablica, nos exige reiterar lo que dijimos en nuestro comunicado de noviembre: La Iglesia defiende la institucionalidad, as\u00ed como la divisi\u00f3n de los poderes del Estado. Esta divisi\u00f3n es el principio del estado de derecho \u201cen el cual es soberana la ley y no la voluntad arbitraria de los hombres\u201d. (cf. DSI 408).<\/span><u><\/u><u><\/u><\/span><\/p>\n<p class=\"x_m_4876251899679132385m-2098197065262262766m-457922514024317600m1015511248952574040gmail-msonormal\" style=\"text-align: justify;\"><span style=\"font-size: large;\"><span lang=\"ES\">La ra\u00edz de esta crisis, se encuentra en la corrupci\u00f3n: \u201cEntre las deformaciones del sistema democr\u00e1tico, la corrupci\u00f3n pol\u00edtica es una de las m\u00e1s graves porque traiciona al mismo tiempo los principios de la moral y las normas de la justicia social;\u2026 La corrupci\u00f3n distorsiona de ra\u00edz el papel de las instituciones representativas\u201d. (DSI 411)<\/span><u><\/u><u><\/u><\/span><\/p>\n<p class=\"x_m_4876251899679132385m-2098197065262262766m-457922514024317600m1015511248952574040gmail-msonormal\" style=\"text-align: justify;\"><span style=\"font-size: large;\"><span lang=\"ES\">Recordamos a las autoridades del Pa\u00eds su deber de salvaguardar la institucionalidad democr\u00e1tica, respetando el marco constitucional, legal y procedimental que nos rige a todos. Es necesario detener todo indicio de abuso de poder, y respetar la autonom\u00eda y el equilibrio de los poderes del Estado.<\/span><u><\/u><u><\/u><\/span><\/p>\n<p class=\"x_m_4876251899679132385m-2098197065262262766m-457922514024317600m1015511248952574040gmail-msonormal\" style=\"text-align: justify;\"><span style=\"font-size: large;\"><span lang=\"ES\">Hacemos un llamado a toda la clase pol\u00edtica del pa\u00eds, y ante todo al Congreso de la Rep\u00fablica a reencontrar el camino del di\u00e1logo y la prudencia, en la verdad y en la justicia, como ense\u00f1a el Papa Francisco: No un di\u00e1logo de sordos sino un encuentro con una actitud receptora que acoja sugerencias y comparta inquietudes, que sea un intercambio rec\u00edproco de confianza. (Cf. Papa Francisco, Discurso del 30.06.2017).<\/span><u><\/u><u><\/u><\/span><\/p>\n<p class=\"x_m_4876251899679132385m-2098197065262262766m-457922514024317600m1015511248952574040gmail-msonormal\" style=\"text-align: justify;\"><span style=\"font-size: large;\"><span lang=\"ES\">\u00a1Cuando se trata del bien del Per\u00fa, no han de regir intereses particulares sino el Bien Com\u00fan de la Patria!<\/span><u><\/u><u><\/u><\/span><\/p>\n<p class=\"x_m_4876251899679132385m-2098197065262262766m-457922514024317600m1015511248952574040gmail-msonormal\" style=\"text-align: justify;\"><span style=\"font-size: large;\"><span lang=\"ES\">Que el recuerdo del nacimiento del Hijo de Dios en Navidad, y la pr\u00f3xima venida del Papa Francisco nos ayuden a superar esta profunda crisis actual, con respeto, dignidad y \u201cUnidos por la esperanza\u201d.<\/span><u><\/u><u><\/u><\/span><\/p>\n<p class=\"x_m_4876251899679132385m-2098197065262262766m-457922514024317600m1015511248952574040gmail-msonormal\" style=\"text-align: justify;\"><span style=\"font-size: large;\"><span lang=\"ES\">18 de diciembre de 2017<\/span><u><\/u><u><\/u><\/span><\/p>\n<p class=\"x_m_4876251899679132385m-2098197065262262766m-457922514024317600m1015511248952574040gmail-msonormal\" align=\"center\"><span style=\"font-size: large;\"><span lang=\"ES\">Presidencia<\/span><u><\/u><u><\/u><\/span><\/p>\n<p class=\"x_MsoNormal\" align=\"center\"><span lang=\"ES\"><span style=\"font-size: large;\">Conferencia Episcopal<\/span><\/span><\/p>","protected":false},"excerpt":{"rendered":"<p>\u00a1CUANDO SE TRATA DEL BIEN DEL PER\u00da, NO HAN DE REGIR INTERESES PARTICULARES SINO EL BIEN COM\u00daN DE LA PATRIA! En esta hora crucial que vive nuestra patria, en la que est\u00e1 en juego la vigencia del orden democr\u00e1tico y del estado de derecho, \u201cnos preocupa, como a toda la sociedad peruana, el debilitamiento de [&hellip;]<\/p>\n","protected":false},"author":1,"featured_media":4775,"comment_status":"closed","ping_status":"open","sticky":false,"template":"","format":"standard","meta":{"_monsterinsights_skip_tracking":false,"_monsterinsights_sitenote_active":false,"_monsterinsights_sitenote_note":"","_monsterinsights_sitenote_category":0,"_jetpack_memberships_contains_paid_content":false,"footnotes":"","jetpack_publicize_message":"","jetpack_publicize_feature_enabled":true,"jetpack_social_post_already_shared":false,"jetpack_social_options":{"image_generator_settings":{"template":"highway","default_image_id":0,"font":"","enabled":false},"version":2}},"categories":[1],"tags":[],"class_list":["post-4774","post","type-post","status-publish","format-standard","has-post-thumbnail","hentry","category-sin-categoria"],"blocksy_meta":[],"jetpack_publicize_connections":[],"jetpack_featured_media_url":"https:\/\/derechosinfronteras.pe\/wp-content\/uploads\/2017\/12\/Fujimorismo-1.jpg","jetpack_sharing_enabled":true,"jetpack_likes_enabled":true,"_links":{"self":[{"href":"https:\/\/derechosinfronteras.pe\/ingles\/wp-json\/wp\/v2\/posts\/4774","targetHints":{"allow":["GET"]}}],"collection":[{"href":"https:\/\/derechosinfronteras.pe\/ingles\/wp-json\/wp\/v2\/posts"}],"about":[{"href":"https:\/\/derechosinfronteras.pe\/ingles\/wp-json\/wp\/v2\/types\/post"}],"author":[{"embeddable":true,"href":"https:\/\/derechosinfronteras.pe\/ingles\/wp-json\/wp\/v2\/users\/1"}],"replies":[{"embeddable":true,"href":"https:\/\/derechosinfronteras.pe\/ingles\/wp-json\/wp\/v2\/comments?post=4774"}],"version-history":[{"count":0,"href":"https:\/\/derechosinfronteras.pe\/ingles\/wp-json\/wp\/v2\/posts\/4774\/revisions"}],"wp:featuredmedia":[{"embeddable":true,"href":"https:\/\/derechosinfronteras.pe\/ingles\/wp-json\/wp\/v2\/media\/4775"}],"wp:attachment":[{"href":"https:\/\/derechosinfronteras.pe\/ingles\/wp-json\/wp\/v2\/media?parent=4774"}],"wp:term":[{"taxonomy":"category","embeddable":true,"href":"https:\/\/derechosinfronteras.pe\/ingles\/wp-json\/wp\/v2\/categories?post=4774"},{"taxonomy":"post_tag","embeddable":true,"href":"https:\/\/derechosinfronteras.pe\/ingles\/wp-json\/wp\/v2\/tags?post=4774"}],"curies":[{"name":"wp","href":"https:\/\/api.w.org\/{rel}","templated":true}]}}