{"id":4778,"date":"2017-12-15T12:14:33","date_gmt":"2017-12-15T17:14:33","guid":{"rendered":"http:\/\/derechosinfronteras.pe\/?p=3378"},"modified":"2023-12-29T20:16:15","modified_gmt":"2023-12-30T01:16:15","slug":"espinar-afectados-por-metales-toxicos-realizan-planton-en-el-poder-judicial","status":"publish","type":"post","link":"https:\/\/derechosinfronteras.pe\/ingles\/espinar-afectados-por-metales-toxicos-realizan-planton-en-el-poder-judicial\/","title":{"rendered":"Espinar: Afectados por metales t\u00f3xicos realizan plant\u00f3n en el Poder Judicial"},"content":{"rendered":"<figure class=\"wp-block-embed\"><div class=\"wp-block-embed__wrapper\">\n<div class=\"fb-video\" data-allowfullscreen=\"true\" data-href=\"https:\/\/www.facebook.com\/derechossinfronteras.pe\/videos\/1473255346126322\/\" style=\"background-color: #fff; display: inline-block;\"><\/div>\n<\/div><\/figure>\n\n\n\n<p>15 de diciembre. Las y los afectados por metales t\u00f3xicos de las comunidades originarias de Espinar realizaron un plant\u00f3n en los exteriores del Poder Judicial al enterarse que el Juez Elmer Ochoa Galloso dejar\u00eda el cargo para ir a trabajar a otra sede. Ochoa, hace casi tres a\u00f1os, acept\u00f3 la <strong>demanda constitucional de cumplimiento, <\/strong>donde se exige la aplicaci\u00f3n de normas que permiten la atenci\u00f3n integral ( salud, agua y situaci\u00f3n ambiental) de manera inmediata a&nbsp;las personas afectadas por metales t\u00f3xicos. Este tipo de procesos requieren una sentencia r\u00e1pida, sin embargo, los demandantes, siguen esperando desde mayo del 2015.<\/p>\n\n\n\n<p>&lt;&lt;Tambi\u00e9n puedes leer: <a href=\"http:\/\/derechosinfronteras.pe\/ingles\/espinar-nuevos-planes-de-atencion-para-afectados-por-metales-toxicos-muchos-vacios-poca-informacion-y-mas-de-lo-mismo\/\"><strong>Espinar: nuevos planes de atenci\u00f3n para afectados por metales t\u00f3xicos, muchos vac\u00edos, poca informaci\u00f3n y m\u00e1s de lo mismo<\/strong><\/a>&gt;&gt;<\/p>\n\n\n\n<p>\u2018Esta situaci\u00f3n est\u00e1 difundida a nivel nacional e internacional, ya son tantos a\u00f1os que estamos en esta lucha, buscando justicia, las autoridades no se hacen nada por nuestra salud, no quieren hacerse responsables\u2019, manifest\u00f3 Melchora Surco, presidenta de la <strong>Asociaci\u00f3n para la Defensa de Pacpacco Afectada por la Miner\u00eda \u2013 Adepami<\/strong><\/p>\n\n\n\n<figure class=\"wp-block-image aligncenter wp-image-3058 size-full\"><img decoding=\"async\" src=\"http:\/\/derechosinfronteras.pe\/wp-content\/uploads\/2017\/09\/Melchora-e1505424156491.jpeg\" alt=\"\" class=\"wp-image-3058\"\/><figcaption class=\"wp-element-caption\">Melchora Surco, presidenta de la Asociaci\u00f3n para la Defensa de Pacpacco Afectada por la Miner\u00eda \u2013 Adepami<\/figcaption><\/figure>\n\n\n\n<p>La manifestaci\u00f3n atrajo la atenci\u00f3n de los medios de comunicaci\u00f3n locales, adem\u00e1s se hicieron presentes algunos miembros de la PNP. Durante los enlaces period\u00edsticos se pronunciaron dirigentes de organizaciones de afectados por metales t\u00f3xicos de Cerro de Pasco, Puno y Cajamarca. \u2018Es lamentable que el Poder Judicial se parcialice con los grandes contaminadores, no es justo que no quieran atender a nuestros hermanos contaminados con metales t\u00f3xicos en su cuerpo, lamentablemente hay una desprotecci\u00f3n total para las comunidades de Espinar\u2019, declar\u00f3 para Radio Solar, Felix Huasacca, representante del&nbsp;<strong>Frente de Defensa contra la contaminaci\u00f3n del r\u00edo Coata \u2013 Puno<\/strong><\/p>\n\n\n\n<p>&lt;&lt;Tambi\u00e9n puedes leer: <a href=\"http:\/\/derechosinfronteras.pe\/ingles\/espinar-se-realizo-la-presentacion-del-informe-estado-toxico-y-la-reunion-tecnica-entre-el-gobierno-regional-y-autoridades-espinarenses\/\"><strong>Espinar: Se realiz\u00f3 la presentaci\u00f3n del informe \u201cEstado T\u00f3xico\u201d y la reuni\u00f3n t\u00e9cnica entre el Gobierno Regional y autoridades espinarenses<\/strong><\/a>&gt;&gt;<\/p>\n\n\n\n<p><strong>DATOS: <\/strong><\/p>\n\n\n\n<p>Un estudio realizado en 2010 por el Centro Nacional de Salud Ocupacional y Protecci\u00f3n del Medio Ambiente para la Salud concluy\u00f3 que casi todos los miembros de la comunidad a los que se realizaron an\u00e1lisis ten\u00edan plomo, cadmio, mercurio o ars\u00e9nico en la sangre. Se sabe que la exposici\u00f3n prolongada a estos metales t\u00f3xicos provoca una diversidad de problemas de salud cr\u00f3nicos, entre ellos p\u00e9rdida de memoria, infertilidad, p\u00e9rdida de visi\u00f3n, diabetes, enfermedades hep\u00e1ticas, fallo renal y c\u00e1ncer.<\/p>\n\n\n\n<p>Los estudios realizados por las autoridades peruanas concluyeron que varias comunidades enteras de Espinar han estado expuestas a metales pesados y otras sustancias qu\u00edmicas, y que sus \u00fanicas fuentes de agua est\u00e1n contaminadas. Las mujeres que viven en estas comunidades de Espinar se quejaban de constantes jaquecas, dolores de est\u00f3mago, diarrea, irritaci\u00f3n de los ojos y problemas respiratorios y renales.<\/p>\n\n\n\n<p>Son varios a\u00f1os, en que los afectados han visto vulnerado su derecho a la salud, por ello, est\u00e1n realizando muchas acciones para visibilizar su problem\u00e1tica y exigirle al gobierno que tome medidas r\u00e1pidas y adecuadas. Para el 17 de enero, fecha en que la Jueza Provisional, revisar\u00e1 la demanda, realizar\u00e1n un nuevo plant\u00f3n en el frontis del PJ.<\/p>","protected":false},"excerpt":{"rendered":"<p>15 de diciembre. Las y los afectados por metales t\u00f3xicos de las comunidades originarias de Espinar realizaron un plant\u00f3n en los exteriores del Poder Judicial al enterarse que el Juez Elmer Ochoa Galloso dejar\u00eda el cargo para ir a trabajar a otra sede. Ochoa, hace casi tres a\u00f1os, acept\u00f3 la demanda constitucional de cumplimiento, donde [&hellip;]<\/p>\n","protected":false},"author":1,"featured_media":4779,"comment_status":"closed","ping_status":"open","sticky":false,"template":"","format":"standard","meta":{"_monsterinsights_skip_tracking":false,"_monsterinsights_sitenote_active":false,"_monsterinsights_sitenote_note":"","_monsterinsights_sitenote_category":0,"_jetpack_memberships_contains_paid_content":false,"footnotes":"","jetpack_publicize_message":"","jetpack_publicize_feature_enabled":true,"jetpack_social_post_already_shared":false,"jetpack_social_options":{"image_generator_settings":{"template":"highway","default_image_id":0,"font":"","enabled":false},"version":2}},"categories":[1],"tags":[],"class_list":["post-4778","post","type-post","status-publish","format-standard","has-post-thumbnail","hentry","category-sin-categoria"],"blocksy_meta":[],"jetpack_publicize_connections":[],"jetpack_featured_media_url":"https:\/\/derechosinfronteras.pe\/wp-content\/uploads\/2017\/09\/Melchora-e1505424156491.jpeg","jetpack_sharing_enabled":true,"jetpack_likes_enabled":true,"_links":{"self":[{"href":"https:\/\/derechosinfronteras.pe\/ingles\/wp-json\/wp\/v2\/posts\/4778","targetHints":{"allow":["GET"]}}],"collection":[{"href":"https:\/\/derechosinfronteras.pe\/ingles\/wp-json\/wp\/v2\/posts"}],"about":[{"href":"https:\/\/derechosinfronteras.pe\/ingles\/wp-json\/wp\/v2\/types\/post"}],"author":[{"embeddable":true,"href":"https:\/\/derechosinfronteras.pe\/ingles\/wp-json\/wp\/v2\/users\/1"}],"replies":[{"embeddable":true,"href":"https:\/\/derechosinfronteras.pe\/ingles\/wp-json\/wp\/v2\/comments?post=4778"}],"version-history":[{"count":3,"href":"https:\/\/derechosinfronteras.pe\/ingles\/wp-json\/wp\/v2\/posts\/4778\/revisions"}],"predecessor-version":[{"id":7169,"href":"https:\/\/derechosinfronteras.pe\/ingles\/wp-json\/wp\/v2\/posts\/4778\/revisions\/7169"}],"wp:featuredmedia":[{"embeddable":true,"href":"https:\/\/derechosinfronteras.pe\/ingles\/wp-json\/wp\/v2\/media\/4779"}],"wp:attachment":[{"href":"https:\/\/derechosinfronteras.pe\/ingles\/wp-json\/wp\/v2\/media?parent=4778"}],"wp:term":[{"taxonomy":"category","embeddable":true,"href":"https:\/\/derechosinfronteras.pe\/ingles\/wp-json\/wp\/v2\/categories?post=4778"},{"taxonomy":"post_tag","embeddable":true,"href":"https:\/\/derechosinfronteras.pe\/ingles\/wp-json\/wp\/v2\/tags?post=4778"}],"curies":[{"name":"wp","href":"https:\/\/api.w.org\/{rel}","templated":true}]}}