{"id":4780,"date":"2017-12-11T18:11:58","date_gmt":"2017-12-11T23:11:58","guid":{"rendered":"http:\/\/derechosinfronteras.pe\/?p=3375"},"modified":"2017-12-11T18:11:58","modified_gmt":"2017-12-11T23:11:58","slug":"la-valoracion-a-los-pueblos-indigenas-es-meramente-arqueologica-entrevista-a-jorge-bracamonte-secretario-ejecutivo-de-la-cnddhh","status":"publish","type":"post","link":"https:\/\/derechosinfronteras.pe\/ingles\/la-valoracion-a-los-pueblos-indigenas-es-meramente-arqueologica-entrevista-a-jorge-bracamonte-secretario-ejecutivo-de-la-cnddhh\/","title":{"rendered":"\u201cLa valoraci\u00f3n a los pueblos ind\u00edgenas es meramente \u2018arqueol\u00f3gica\u2019 \u201d Entrevista a Jorge Bracamonte, Secretario Ejecutivo de la CNDDHH"},"content":{"rendered":"<p style=\"text-align: justify;\"><strong>\u201cLa valoraci\u00f3n a los pueblos ind\u00edgenas es meramente \u2018arqueol\u00f3gica\u2019 \u201d<\/strong><\/p>\n<p style=\"text-align: right;\">Entrevista a Jorge Bracamonte<\/p>\n<p style=\"text-align: right;\">Secretario Ejecutivo CNDHHH<\/p>\n<p style=\"text-align: justify;\">\n<p style=\"text-align: justify;\">Hace unas semanas Jorge Bracamonte, actual Secretario Ejecutivo de la Coordinadora Nacional de Derechos Humanos (CNDDHH), estuvo en Cusco, dirigiendo en el encuentro Macro Sur de las organizaciones e instituciones articuladas a la CNDDHH. Derechos Humanos sin Fronteras, convers\u00f3 con Tito, como tambi\u00e9n es conocido, y reflexion\u00f3 sobre la situaci\u00f3n de conflictividad social que vive el pa\u00eds, as\u00ed como el retroceso en materia de derechos humanos que viene teniendo este gobierno.<\/p>\n<p style=\"text-align: justify;\"><strong>Desde tu posici\u00f3n como Secretario Ejecutivo de la CNDDHH \u00bfC\u00f3mo analizas la respuesta de este gobierno frente a los conflictos sociales? <\/strong><\/p>\n<p style=\"text-align: justify;\">Al inicio de este gobierno, hubo una cierta expectativa sobre mejorar condiciones b\u00e1sicas para enfrentar situaciones de conflictividad social, sin embargo, lo que hemos tenido despu\u00e9s de un a\u00f1o, es que no se han producido cambios sustantivos, y que por el contrario los marcos normativos se han endurecido para poder criminalizar a defensores de derechos humanos, a l\u00edderes de comunidades y de gremios sindicales.<\/p>\n<p style=\"text-align: justify;\"><strong>Y esto se ha evidenciado en las acciones de represi\u00f3n de parte de las fuerzas del orden\u2026<\/strong><\/p>\n<p style=\"text-align: justify;\">Efectivamente, es lo que hemos tenido en situaciones de conflictividad, movilizaciones y protesta social, un uso irresponsable de la fuerza y de armas. Existen decenas de personas heridas en contexto de protesta, un ejemplo m\u00e1s cercano ha sido la marcha de los docentes, quienes han sido afectados por los propios polic\u00edas, hecho que se ha evidenciado en las redes sociales y algunos medios de comunicaci\u00f3n.<\/p>\n<p style=\"text-align: justify;\"><strong>Y siempre en este tipo de situaciones, no existe ning\u00fan tipo de reparaci\u00f3n para las v\u00edctimas\u2026<\/strong><\/p>\n<p style=\"text-align: justify;\">Es un tema que nos parece poco responsable de parte del Estado, del gobierno y del Ministerio del Interior en particular, porque no puedes enfrentar de manera violenta cualquier demanda ciudadana y no hacerte responsable del cuidado de las personas una vez afectadas, \u00f3sea despu\u00e9s de violentarlas las abandonas totalmente, y este patr\u00f3n se repite en cualquier escenario de conflictividad social y que no solo se ha visto en este gobierno.<\/p>\n<p style=\"text-align: justify;\"><strong>Como CNDDHH \u00bfHan tenido la oportunidad de reflexionar la situaci\u00f3n actual del respeto a los derechos humanos en nuestro pa\u00eds? <\/strong><\/p>\n<p style=\"text-align: justify;\">Lamentamos decirlo, pero salvo en temas muy puntuales sobre pol\u00edticas de reparaciones para afectados por el conflicto armado interno, en verdad no hemos tenido ning\u00fan avance, adem\u00e1s de existir una indiferencia total frente a quienes son v\u00edctimas de la violencia del Estado. Asimismo, tenemos un contexto adverso, que viene siendo fomentado por las fuerzas m\u00e1s autoritarias y retrogradas del pa\u00eds, y que tienen su representaci\u00f3n pol\u00edtica en el Congreso con Fuerza Popular.<\/p>\n<p style=\"text-align: justify;\"><strong>Quiz\u00e1 este contexto del que hablas, se convierte en mezquino cuando se criminaliza la protesta social\u2026<\/strong><\/p>\n<p style=\"text-align: justify;\">As\u00ed es, ha existido una campa\u00f1a innoble, para estigmatizar a las y los defensores de los derechos humanos, equipar\u00e1ndolos con sujetos violentistas, que apuestan por el atraso o que obstruyen el desarrollo, o en el peor de los casos que est\u00e1 vinculados a grupos terroristas. Es impresionante como una democracia, que en teor\u00eda tenemos, no valora los derechos humanos como su propio fundamento, como su propia esencia.<\/p>\n<p style=\"text-align: justify;\"><strong>\u00bfY qu\u00e9 puedes opinar sobre los derechos de poblaciones vulnerables como los pueblos ind\u00edgenas? <\/strong><\/p>\n<p style=\"text-align: justify;\">Han existido avances puntuales respeto a los derechos de los pueblos ind\u00edgenas, pero cuando uno ve el proceso en su conjunto, te das cuenta, que el Estado en su l\u00f3gica de facilitar las grandes inversiones, lo hace a costa de los derechos de las comunidades ind\u00edgenas. Los proyectos que se instalan en estas comunidades, que supuestamente deber\u00eda beneficiarlos, los est\u00e1 haciendo m\u00e1s vulnerables: ni\u00f1as, ni\u00f1os y mujeres que viven con metales en su sangre, derrames de petr\u00f3leo que no han sido remediados, existen un sin n\u00famero de estudios que certifican estos impactos, sin embargo no tenemos un protocolo de atenci\u00f3n para personas que han sido afectadas por la contaminaci\u00f3n de las actividades extractivas.<\/p>\n<p style=\"text-align: justify;\"><strong>Totalmente contradictoria la poca valoraci\u00f3n que tenemos a nuestros pueblos originarios. <\/strong><\/p>\n<p style=\"text-align: justify;\">La valoraci\u00f3n a los pueblos ind\u00edgenas es meramente \u2018arqueol\u00f3gica\u2019, solo si encontramos aspectos llamativos o folcl\u00f3ricos existe valoraci\u00f3n, pero a los pueblos ind\u00edgenas reales se les ningunea sistem\u00e1ticamente en el pa\u00eds, esta exclusi\u00f3n viene generando una desconfianza rec\u00edproca entre la sociedad y el Estado, ya nadie conf\u00eda en nadie. No podemos abonar una sociedad desencontrada y polarizada que se evidencia en forma de violencia, y ah\u00ed es donde existe una responsabilidad importante del Estado, porque uno no le puede dar recomendaciones al \u2018MOVADEF\u2019, pero si le puede dar recomendaciones a una persona por la que ha votado, para impedir el retorno de una dictadura.<\/p>\n<p style=\"text-align: justify;\">\n<p style=\"text-align: justify;\">\n<p>&nbsp;<\/p>\n<p>&nbsp;<\/p>","protected":false},"excerpt":{"rendered":"<p>\u201cLa valoraci\u00f3n a los pueblos ind\u00edgenas es meramente \u2018arqueol\u00f3gica\u2019 \u201d Entrevista a Jorge Bracamonte Secretario Ejecutivo CNDHHH Hace unas semanas Jorge Bracamonte, actual Secretario Ejecutivo de la Coordinadora Nacional de Derechos Humanos (CNDDHH), estuvo en Cusco, dirigiendo en el encuentro Macro Sur de las organizaciones e instituciones articuladas a la CNDDHH. Derechos Humanos sin Fronteras, [&hellip;]<\/p>\n","protected":false},"author":1,"featured_media":4781,"comment_status":"closed","ping_status":"open","sticky":false,"template":"","format":"standard","meta":{"_monsterinsights_skip_tracking":false,"_monsterinsights_sitenote_active":false,"_monsterinsights_sitenote_note":"","_monsterinsights_sitenote_category":0,"_jetpack_memberships_contains_paid_content":false,"footnotes":"","jetpack_publicize_message":"","jetpack_publicize_feature_enabled":true,"jetpack_social_post_already_shared":false,"jetpack_social_options":{"image_generator_settings":{"template":"highway","default_image_id":0,"font":"","enabled":false},"version":2}},"categories":[1],"tags":[],"class_list":["post-4780","post","type-post","status-publish","format-standard","has-post-thumbnail","hentry","category-sin-categoria"],"blocksy_meta":[],"jetpack_publicize_connections":[],"jetpack_featured_media_url":"https:\/\/derechosinfronteras.pe\/wp-content\/uploads\/2017\/12\/jorgebracamonte_andina.jpg","jetpack_sharing_enabled":true,"jetpack_likes_enabled":true,"_links":{"self":[{"href":"https:\/\/derechosinfronteras.pe\/ingles\/wp-json\/wp\/v2\/posts\/4780","targetHints":{"allow":["GET"]}}],"collection":[{"href":"https:\/\/derechosinfronteras.pe\/ingles\/wp-json\/wp\/v2\/posts"}],"about":[{"href":"https:\/\/derechosinfronteras.pe\/ingles\/wp-json\/wp\/v2\/types\/post"}],"author":[{"embeddable":true,"href":"https:\/\/derechosinfronteras.pe\/ingles\/wp-json\/wp\/v2\/users\/1"}],"replies":[{"embeddable":true,"href":"https:\/\/derechosinfronteras.pe\/ingles\/wp-json\/wp\/v2\/comments?post=4780"}],"version-history":[{"count":0,"href":"https:\/\/derechosinfronteras.pe\/ingles\/wp-json\/wp\/v2\/posts\/4780\/revisions"}],"wp:featuredmedia":[{"embeddable":true,"href":"https:\/\/derechosinfronteras.pe\/ingles\/wp-json\/wp\/v2\/media\/4781"}],"wp:attachment":[{"href":"https:\/\/derechosinfronteras.pe\/ingles\/wp-json\/wp\/v2\/media?parent=4780"}],"wp:term":[{"taxonomy":"category","embeddable":true,"href":"https:\/\/derechosinfronteras.pe\/ingles\/wp-json\/wp\/v2\/categories?post=4780"},{"taxonomy":"post_tag","embeddable":true,"href":"https:\/\/derechosinfronteras.pe\/ingles\/wp-json\/wp\/v2\/tags?post=4780"}],"curies":[{"name":"wp","href":"https:\/\/api.w.org\/{rel}","templated":true}]}}