{"id":4782,"date":"2017-12-11T16:51:38","date_gmt":"2017-12-11T21:51:38","guid":{"rendered":"http:\/\/derechosinfronteras.pe\/?p=3368"},"modified":"2017-12-11T16:51:38","modified_gmt":"2017-12-11T21:51:38","slug":"espinar-nuevos-compromisos-para-los-proyectos-de-afianzamiento-hidrico","status":"publish","type":"post","link":"https:\/\/derechosinfronteras.pe\/ingles\/espinar-nuevos-compromisos-para-los-proyectos-de-afianzamiento-hidrico\/","title":{"rendered":"Espinar: Nuevos compromisos para los proyectos de afianzamiento h\u00eddrico"},"content":{"rendered":"<p style=\"text-align: justify;\">Tras una reuni\u00f3n suspendida y amenazas de iniciar un paro por parte de la provincia de Espinar, el d\u00eda de hoy, 11 de diciembre se llev\u00f3 a cabo la reuni\u00f3n entre los representantes del Ministerio de Agricultura (MINAGRI), el Gobierno Regional del Cusco, el alcalde provincial, as\u00ed como los alcaldes distritales junto con las organizaciones sociales de Espinar. <strong>Tras una serie de compromisos y plazos la reuni\u00f3n de trabajo concluy\u00f3 a las 14:00hrs.<\/strong><\/p>\n<p style=\"text-align: justify;\"><strong>Junto con sus organizaciones sociales, la provincia de Espinar indic\u00f3 que sus mayores preocupaciones son referente a los proyectos de afianzamiento h\u00eddrico, iniciativas que hasta el momento no se han plasmado en la provincia<\/strong>; tambi\u00e9n se mostr\u00f3 la molestia por el proyecto <strong>Majes Siguas II<\/strong>, el dirigente de la Frente \u00danico de Defensa de los Intereses de Espinar (FUDIE), Edgar Huaranca fue en enf\u00e1tico al indicar que no existe ninguna propuesta de soluci\u00f3n por parte del gobierno de PPK.<\/p>\n<p style=\"text-align: justify;\">El representante del MINAGRI, Ing. Carlos Vargas Rodr\u00edguez inform\u00f3 que en el Fondo Sierra Azul \u2013antes Fondo Mi Riego- s<strong>e ha gestionado 410 millones para el afianzamiento h\u00eddrico<\/strong>, eso implicar\u00eda que existe el presupuesto para el avance en los tres proyectos emblem\u00e1ticos para la provincia, Ca\u00f1on de Apur\u00edmac II Etapa, Prado Esperanza y Proyecto Tahuapalca. Los compromisos para que AGRORURAL de la Buena Pro de los estudios de factibilidad de estos proyectos ser\u00e1 hasta el 27 y 31 de diciembre del 2017.<\/p>\n<h6 style=\"text-align: center;\"><span style=\"color: #008000;\">Asimismo se indic\u00f3 que el trabajo de otros proyectos de afianzamiento h\u00eddrico se realizar\u00e1 en coordinaci\u00f3n y participaci\u00f3n de la DGIAR del MINAGRI y los gobiernos locales de Espinar. La pr\u00f3xima reuni\u00f3n para informar sobre los avances de los compromisos ser\u00e1 el pr\u00f3ximo 10 de enero del 2018 y ser\u00e1 convocada por la PCM.<\/span><\/h6>\n<p><strong>A continuaci\u00f3n las Actas de la Reuni\u00f3n:<\/strong><\/p>\n<div class=\"tiled-gallery type-rectangular tiled-gallery-unresized\" data-original-width=\"1290\" data-carousel-extra='null' itemscope itemtype=\"http:\/\/schema.org\/ImageGallery\" > <div class=\"gallery-row\" style=\"width: 1290px; height: 862px;\" data-original-width=\"1290\" data-original-height=\"862\" > <div class=\"gallery-group images-1\" style=\"width: 1290px; height: 862px;\" data-original-width=\"1290\" data-original-height=\"862\" > <div class=\"tiled-gallery-item tiled-gallery-item-large\" itemprop=\"associatedMedia\" itemscope itemtype=\"http:\/\/schema.org\/ImageObject\"> <a href=\"https:\/\/derechosinfronteras.pe\/ingles\/espinar-glencore-habria-adquirido-terrenos-para-el-proyecto-coroccohuayco-a-65-dolares-la-hectarea\/nota-glencore-a-65-dolares\/\" border=\"0\" itemprop=\"url\"> <meta itemprop=\"width\" content=\"1286\"> <meta itemprop=\"height\" content=\"858\"> <img loading=\"lazy\" decoding=\"async\" class=\"\" data-attachment-id=\"3370\" data-orig-file=\"https:\/\/derechosinfronteras.pe\/wp-content\/uploads\/2022\/07\/nota-glencore-a-65-dolares.jpg\" data-orig-size=\"1000,667\" data-comments-opened=\"1\" data-image-meta=\"{&quot;aperture&quot;:&quot;0&quot;,&quot;credit&quot;:&quot;COMUNICACIONES DHSF&quot;,&quot;camera&quot;:&quot;&quot;,&quot;caption&quot;:&quot;&quot;,&quot;created_timestamp&quot;:&quot;1655918768&quot;,&quot;copyright&quot;:&quot;&quot;,&quot;focal_length&quot;:&quot;0&quot;,&quot;iso&quot;:&quot;0&quot;,&quot;shutter_speed&quot;:&quot;0&quot;,&quot;title&quot;:&quot;&quot;,&quot;orientation&quot;:&quot;1&quot;}\" data-image-title=\"nota &amp;#8211; glencore a 65 d\u00f3lares\" data-image-description=\"\" data-medium-file=\"https:\/\/derechosinfronteras.pe\/wp-content\/uploads\/2022\/07\/nota-glencore-a-65-dolares-300x200.jpg\" data-large-file=\"https:\/\/derechosinfronteras.pe\/wp-content\/uploads\/2022\/07\/nota-glencore-a-65-dolares-1024x683.jpg\" src=\"https:\/\/i0.wp.com\/derechosinfronteras.pe\/wp-content\/uploads\/2022\/07\/nota-glencore-a-65-dolares.jpg?w=1286&#038;h=858&#038;ssl=1\" srcset=\"https:\/\/derechosinfronteras.pe\/wp-content\/uploads\/2022\/07\/nota-glencore-a-65-dolares.jpg 1000w, https:\/\/derechosinfronteras.pe\/wp-content\/uploads\/2022\/07\/nota-glencore-a-65-dolares-300x200.jpg 300w, https:\/\/derechosinfronteras.pe\/wp-content\/uploads\/2022\/07\/nota-glencore-a-65-dolares-1024x683.jpg 1024w, https:\/\/derechosinfronteras.pe\/wp-content\/uploads\/2022\/07\/nota-glencore-a-65-dolares-768x513.jpg 768w\" width=\"1286\" height=\"858\" data-original-width=\"1286\" data-original-height=\"858\" itemprop=\"http:\/\/schema.org\/image\" title=\"nota - glencore a 65 d\u00f3lares\" alt=\"nota - glencore a 65 d\u00f3lares\" style=\"width: 1286px; height: 858px;\" \/> <\/a> <\/div> <\/div> <!-- close group --> <\/div> <!-- close row --> <\/div>","protected":false},"excerpt":{"rendered":"<p>Tras una reuni\u00f3n suspendida y amenazas de iniciar un paro por parte de la provincia de Espinar, el d\u00eda de hoy, 11 de diciembre se llev\u00f3 a cabo la reuni\u00f3n entre los representantes del Ministerio de Agricultura (MINAGRI), el Gobierno Regional del Cusco, el alcalde provincial, as\u00ed como los alcaldes distritales junto con las organizaciones [&hellip;]<\/p>\n","protected":false},"author":1,"featured_media":4783,"comment_status":"closed","ping_status":"open","sticky":false,"template":"","format":"standard","meta":{"_monsterinsights_skip_tracking":false,"_monsterinsights_sitenote_active":false,"_monsterinsights_sitenote_note":"","_monsterinsights_sitenote_category":0,"_jetpack_memberships_contains_paid_content":false,"footnotes":"","jetpack_publicize_message":"","jetpack_publicize_feature_enabled":true,"jetpack_social_post_already_shared":false,"jetpack_social_options":{"image_generator_settings":{"template":"highway","default_image_id":0,"font":"","enabled":false},"version":2}},"categories":[1],"tags":[],"class_list":["post-4782","post","type-post","status-publish","format-standard","has-post-thumbnail","hentry","category-sin-categoria"],"blocksy_meta":[],"jetpack_publicize_connections":[],"jetpack_featured_media_url":"https:\/\/derechosinfronteras.pe\/wp-content\/uploads\/2017\/12\/Acta-04.jpg","jetpack_sharing_enabled":true,"jetpack_likes_enabled":true,"_links":{"self":[{"href":"https:\/\/derechosinfronteras.pe\/ingles\/wp-json\/wp\/v2\/posts\/4782","targetHints":{"allow":["GET"]}}],"collection":[{"href":"https:\/\/derechosinfronteras.pe\/ingles\/wp-json\/wp\/v2\/posts"}],"about":[{"href":"https:\/\/derechosinfronteras.pe\/ingles\/wp-json\/wp\/v2\/types\/post"}],"author":[{"embeddable":true,"href":"https:\/\/derechosinfronteras.pe\/ingles\/wp-json\/wp\/v2\/users\/1"}],"replies":[{"embeddable":true,"href":"https:\/\/derechosinfronteras.pe\/ingles\/wp-json\/wp\/v2\/comments?post=4782"}],"version-history":[{"count":0,"href":"https:\/\/derechosinfronteras.pe\/ingles\/wp-json\/wp\/v2\/posts\/4782\/revisions"}],"wp:featuredmedia":[{"embeddable":true,"href":"https:\/\/derechosinfronteras.pe\/ingles\/wp-json\/wp\/v2\/media\/4783"}],"wp:attachment":[{"href":"https:\/\/derechosinfronteras.pe\/ingles\/wp-json\/wp\/v2\/media?parent=4782"}],"wp:term":[{"taxonomy":"category","embeddable":true,"href":"https:\/\/derechosinfronteras.pe\/ingles\/wp-json\/wp\/v2\/categories?post=4782"},{"taxonomy":"post_tag","embeddable":true,"href":"https:\/\/derechosinfronteras.pe\/ingles\/wp-json\/wp\/v2\/tags?post=4782"}],"curies":[{"name":"wp","href":"https:\/\/api.w.org\/{rel}","templated":true}]}}