{"id":4786,"date":"2017-12-07T17:44:40","date_gmt":"2017-12-07T22:44:40","guid":{"rendered":"http:\/\/derechosinfronteras.pe\/?p=3355"},"modified":"2017-12-07T17:44:40","modified_gmt":"2017-12-07T22:44:40","slug":"3355-2","status":"publish","type":"post","link":"https:\/\/derechosinfronteras.pe\/ingles\/3355-2\/","title":{"rendered":"Chumbivilcas realizar\u00e1 paro de 48 horas"},"content":{"rendered":"<p style=\"text-align: justify;\"><strong>El lunes 11 y el martes 12 de diciembre inicia el paro regional y asamblea popular de la provincia de Chumbivilcas<\/strong>, esta decisi\u00f3n fue tomada por las organizaciones representativas con el objetivo de alertar sobre los incumplimientos de compromisos por parte de la municipalidad provincial de Chumbivilcas, el Gobierno Regional del Cusco y las empresas mineras que operan en la zona.<\/p>\n<h6 style=\"text-align: center;\"><strong>En la plataforma de lucha se indica que tras haber realizado diferentes paros, movilizaciones y asambleas populares en la provincia, hasta el momento no se ha concretado los compromisos.<\/strong><\/h6>\n<p style=\"text-align: justify;\"><img fetchpriority=\"high\" decoding=\"async\" class=\"aligncenter size-full wp-image-3357\" src=\"http:\/\/derechosinfronteras.pe\/wp-content\/uploads\/2017\/12\/chumbi.jpg\" alt=\"\" width=\"800\" height=\"522\" \/>La medida de fuerza del pr\u00f3ximo lunes 11 y martes 12 de diciembre es impulsada por organizaciones como la Frente \u00danico de Defensa de los Intereses de Chumbivilcas, la Liga Agraria, Rondas Campesinas, barrios populares y Construcci\u00f3n Civil; asimismo se han sumado los distritos de Capacmarca, Livitaca, Santo Tomas, Qui\u00f1ota, Llusco, Chamaca, Velille y Colquemarca.<\/p>\n<p style=\"text-align: justify;\"><strong>La Asamblea Popular ser\u00e1 un espacio para escuchar, plantear y solicitar sus demandas a las autoridades y empresas mineras de la provincia.<\/strong><\/p>\n<h6 style=\"text-align: justify;\">A continuaci\u00f3n el acta de convocatoria y la plataforma de lucha:<\/h6>\n<p><img decoding=\"async\" class=\"aligncenter size-full wp-image-3358\" src=\"http:\/\/derechosinfronteras.pe\/wp-content\/uploads\/2017\/12\/Chumbivilcas.jpg\" alt=\"\" width=\"720\" height=\"997\" \/><\/p>","protected":false},"excerpt":{"rendered":"<p>El lunes 11 y el martes 12 de diciembre inicia el paro regional y asamblea popular de la provincia de Chumbivilcas, esta decisi\u00f3n fue tomada por las organizaciones representativas con el objetivo de alertar sobre los incumplimientos de compromisos por parte de la municipalidad provincial de Chumbivilcas, el Gobierno Regional del Cusco y las empresas [&hellip;]<\/p>\n","protected":false},"author":1,"featured_media":4787,"comment_status":"closed","ping_status":"open","sticky":false,"template":"","format":"standard","meta":{"_monsterinsights_skip_tracking":false,"_monsterinsights_sitenote_active":false,"_monsterinsights_sitenote_note":"","_monsterinsights_sitenote_category":0,"_jetpack_memberships_contains_paid_content":false,"footnotes":"","jetpack_publicize_message":"","jetpack_publicize_feature_enabled":true,"jetpack_social_post_already_shared":false,"jetpack_social_options":{"image_generator_settings":{"template":"highway","default_image_id":0,"font":"","enabled":false},"version":2}},"categories":[1],"tags":[],"class_list":["post-4786","post","type-post","status-publish","format-standard","has-post-thumbnail","hentry","category-sin-categoria"],"blocksy_meta":[],"jetpack_publicize_connections":[],"jetpack_featured_media_url":"https:\/\/derechosinfronteras.pe\/wp-content\/uploads\/2017\/12\/burros-690x340-1.jpg","jetpack_sharing_enabled":true,"jetpack_likes_enabled":true,"_links":{"self":[{"href":"https:\/\/derechosinfronteras.pe\/ingles\/wp-json\/wp\/v2\/posts\/4786","targetHints":{"allow":["GET"]}}],"collection":[{"href":"https:\/\/derechosinfronteras.pe\/ingles\/wp-json\/wp\/v2\/posts"}],"about":[{"href":"https:\/\/derechosinfronteras.pe\/ingles\/wp-json\/wp\/v2\/types\/post"}],"author":[{"embeddable":true,"href":"https:\/\/derechosinfronteras.pe\/ingles\/wp-json\/wp\/v2\/users\/1"}],"replies":[{"embeddable":true,"href":"https:\/\/derechosinfronteras.pe\/ingles\/wp-json\/wp\/v2\/comments?post=4786"}],"version-history":[{"count":0,"href":"https:\/\/derechosinfronteras.pe\/ingles\/wp-json\/wp\/v2\/posts\/4786\/revisions"}],"wp:featuredmedia":[{"embeddable":true,"href":"https:\/\/derechosinfronteras.pe\/ingles\/wp-json\/wp\/v2\/media\/4787"}],"wp:attachment":[{"href":"https:\/\/derechosinfronteras.pe\/ingles\/wp-json\/wp\/v2\/media?parent=4786"}],"wp:term":[{"taxonomy":"category","embeddable":true,"href":"https:\/\/derechosinfronteras.pe\/ingles\/wp-json\/wp\/v2\/categories?post=4786"},{"taxonomy":"post_tag","embeddable":true,"href":"https:\/\/derechosinfronteras.pe\/ingles\/wp-json\/wp\/v2\/tags?post=4786"}],"curies":[{"name":"wp","href":"https:\/\/api.w.org\/{rel}","templated":true}]}}