{"id":4790,"date":"2017-12-04T14:11:33","date_gmt":"2017-12-04T19:11:33","guid":{"rendered":"http:\/\/derechosinfronteras.pe\/?p=3347"},"modified":"2017-12-04T14:11:33","modified_gmt":"2017-12-04T19:11:33","slug":"espinar-suspenden-reunion-con-ejecutivo-por-ausencia-de-ministros","status":"publish","type":"post","link":"https:\/\/derechosinfronteras.pe\/ingles\/espinar-suspenden-reunion-con-ejecutivo-por-ausencia-de-ministros\/","title":{"rendered":"Espinar: Suspenden reuni\u00f3n con Ejecutivo por ausencia de Ministros"},"content":{"rendered":"<p style=\"text-align: justify;\"><a href=\"http:\/\/derechosinfronteras.pe\/ingles\/pcm-se-compromete-a-realizar-reunion-de-trabajo-en-espinar\/\">Como se hab\u00eda pactado semanas atr\u00e1s<\/a>, para hoy, 04 de diciembre, estaba programada\u00a0la reuni\u00f3n del\u00a0<strong>Comit\u00e9 de Seguimiento del Plan Espinar, <\/strong>el cual est\u00e1 conformado por\u00a0Gobierno Regional del Cusco, autoridades de Espinar, el Ejecutivo y representantes de organizaciones de base. Este espacio, inici\u00f3 alrededor de las 10:00 a.m. en las instalaciones de la Municipalidad Provincial de Espinar, y ten\u00eda como objetivo revisar el estatus de cada uno de los proyectos comprometidos con prioridad de los temas de Salud, Inclusi\u00f3n Social, y Afianzamiento H\u00eddrico del r\u00edo Apur\u00edmac, el proyecto de agua alcantarillado y el reinicio de renegociaci\u00f3n del Convenio Marco.<\/p>\n<p style=\"text-align: justify;\">Sin embargo, ning\u00fan Ministros ni Viceministros se hicieron presentes, pues s\u00f3lo enviaron a sus representantes que no tienen ninguna capacidad de decisi\u00f3n ante el gobierno. Ante est\u00e1 situaci\u00f3n las y los asistentes decidieron suspender la reuni\u00f3n, acordando previamente reprogramarla para el pr\u00f3ximo lunes 11 de diciembre, de lo contrario la provincia cusque\u00f1a evaluar\u00e1 nuevas medidas de lucha ante la inacci\u00f3n y a falta de voluntad pol\u00edtica del gobierno para atender sus demandas.<\/p>\n<p><img fetchpriority=\"high\" decoding=\"async\" class=\"aligncenter size-full wp-image-3349\" src=\"http:\/\/derechosinfronteras.pe\/wp-content\/uploads\/2017\/12\/acta-espinar.jpg\" alt=\"\" width=\"710\" height=\"960\" \/><\/p>\n<p style=\"text-align: justify;\">El alcalde provincial de Espinar,\u00a0<span class=\"st\">Manuel Salinas Zapata,<\/span>\u00a0ha se\u00f1alado que el gobierno ha enga\u00f1ado a la provincia y que hasta la fecha no hay avance en ning\u00fan proyecto de envergadura, asimismo adelant\u00f3 la oposici\u00f3n que existe hacia el proyecto Majes Siguas II por solo beneficiar a las grandes empresas, y que el impacto global ser\u00e1 dejar sin recursos h\u00eddricos a los espinarenses.<\/p>\n<p style=\"text-align: justify;\">Por su parte el dirigente del Frente \u00danico de Defensa los Inter\u00e9s de Espinar (FUDIE), Edgar Huarancca ha indicado que la ausencia del ministro de agricultura es una traici\u00f3n a la provincia y que<b>\u00a0las organizaciones de base se reunir\u00e1n\u00a0para discutir las pr\u00f3ximas acciones a tomar.<\/b><\/p>\n<p><iframe src=\"https:\/\/www.facebook.com\/plugins\/video.php?href=https%3A%2F%2Fwww.facebook.com%2Fjariasoficial%2Fvideos%2F1770541169915019%2F&amp;show_text=0&amp;width=560\" width=\"560\" height=\"315\" frameborder=\"0\" scrolling=\"no\" allowfullscreen=\"allowfullscreen\" data-mce-fragment=\"1\"><\/iframe><\/p>\n<p style=\"text-align: justify;\">Las autoridades, dirigentes y el gobernador regional se movilizaron por las principales calles de Espinar, \u00a0evidenciando la disposici\u00f3n de la poblaci\u00f3n espinarense para iniciar una medida de fuerza, si es que el gobierno no de respuestas concretas a los compromisos que ha asumido.<\/p>","protected":false},"excerpt":{"rendered":"<p>Como se hab\u00eda pactado semanas atr\u00e1s, para hoy, 04 de diciembre, estaba programada\u00a0la reuni\u00f3n del\u00a0Comit\u00e9 de Seguimiento del Plan Espinar, el cual est\u00e1 conformado por\u00a0Gobierno Regional del Cusco, autoridades de Espinar, el Ejecutivo y representantes de organizaciones de base. Este espacio, inici\u00f3 alrededor de las 10:00 a.m. en las instalaciones de la Municipalidad Provincial de [&hellip;]<\/p>\n","protected":false},"author":1,"featured_media":4791,"comment_status":"closed","ping_status":"open","sticky":false,"template":"","format":"standard","meta":{"_monsterinsights_skip_tracking":false,"_monsterinsights_sitenote_active":false,"_monsterinsights_sitenote_note":"","_monsterinsights_sitenote_category":0,"_jetpack_memberships_contains_paid_content":false,"footnotes":"","jetpack_publicize_message":"","jetpack_publicize_feature_enabled":true,"jetpack_social_post_already_shared":false,"jetpack_social_options":{"image_generator_settings":{"template":"highway","default_image_id":0,"font":"","enabled":false},"version":2}},"categories":[1],"tags":[],"class_list":["post-4790","post","type-post","status-publish","format-standard","has-post-thumbnail","hentry","category-sin-categoria"],"blocksy_meta":[],"jetpack_publicize_connections":[],"jetpack_featured_media_url":"https:\/\/derechosinfronteras.pe\/wp-content\/uploads\/2017\/12\/Espinar-Reunion-e1512413415997.jpg","jetpack_sharing_enabled":true,"jetpack_likes_enabled":true,"_links":{"self":[{"href":"https:\/\/derechosinfronteras.pe\/ingles\/wp-json\/wp\/v2\/posts\/4790","targetHints":{"allow":["GET"]}}],"collection":[{"href":"https:\/\/derechosinfronteras.pe\/ingles\/wp-json\/wp\/v2\/posts"}],"about":[{"href":"https:\/\/derechosinfronteras.pe\/ingles\/wp-json\/wp\/v2\/types\/post"}],"author":[{"embeddable":true,"href":"https:\/\/derechosinfronteras.pe\/ingles\/wp-json\/wp\/v2\/users\/1"}],"replies":[{"embeddable":true,"href":"https:\/\/derechosinfronteras.pe\/ingles\/wp-json\/wp\/v2\/comments?post=4790"}],"version-history":[{"count":0,"href":"https:\/\/derechosinfronteras.pe\/ingles\/wp-json\/wp\/v2\/posts\/4790\/revisions"}],"wp:featuredmedia":[{"embeddable":true,"href":"https:\/\/derechosinfronteras.pe\/ingles\/wp-json\/wp\/v2\/media\/4791"}],"wp:attachment":[{"href":"https:\/\/derechosinfronteras.pe\/ingles\/wp-json\/wp\/v2\/media?parent=4790"}],"wp:term":[{"taxonomy":"category","embeddable":true,"href":"https:\/\/derechosinfronteras.pe\/ingles\/wp-json\/wp\/v2\/categories?post=4790"},{"taxonomy":"post_tag","embeddable":true,"href":"https:\/\/derechosinfronteras.pe\/ingles\/wp-json\/wp\/v2\/tags?post=4790"}],"curies":[{"name":"wp","href":"https:\/\/api.w.org\/{rel}","templated":true}]}}