{"id":4793,"date":"2017-12-01T16:52:15","date_gmt":"2017-12-01T21:52:15","guid":{"rendered":"http:\/\/derechosinfronteras.pe\/?p=3334"},"modified":"2017-12-01T16:52:15","modified_gmt":"2017-12-01T21:52:15","slug":"ministro-de-salud-se-reune-con-personas-afectadas-por-metales-toxicos","status":"publish","type":"post","link":"https:\/\/derechosinfronteras.pe\/ingles\/ministro-de-salud-se-reune-con-personas-afectadas-por-metales-toxicos\/","title":{"rendered":"Ministro de salud se re\u00fane con personas afectadas por metales t\u00f3xicos"},"content":{"rendered":"<h3><span style=\"color: #008000;\">A la espera de compromisos<\/span><\/h3>\n<p style=\"text-align: justify;\"><strong>Tras una incesante b\u00fasqueda por ser escuchados<\/strong>, el d\u00eda de hoy viernes 01 de diciembre se logr\u00f3 concretar una reuni\u00f3n entre el ministro de salud, Fernando D&#8217;Alessio y la delegaci\u00f3n de afectados por metales t\u00f3xicos de diferentes regiones del pa\u00eds; quienes han planteado a los funcionarios del ministerio <strong>la necesidad de impulsar una Pol\u00edtica de Atenci\u00f3n Integral de Salud Especializada para las poblaciones ubicadas dentro del \u00e1rea de influencia de las actividades extractivas como la miner\u00eda y el petroleo.<\/strong><\/p>\n<p style=\"text-align: justify;\">La reuni\u00f3n desarrollada con el Ministerio de Salud (MINSA) es importante para los afectados y afectadas por metales t\u00f3xicos, ya que <strong>esta instancia hasta el momento no ha podido dar soluciones de protecci\u00f3n a estas poblaciones en riesgo<\/strong>, a pesar de contar con la denominada: \u201cEstrategia Sanitaria Nacional de Atenci\u00f3n a Personas Afectadas por Contaminaci\u00f3n con Metales Pesados y otras Sustancias Qu\u00edmicas\u201d, ya sea a nivel de ente rector (MINSA) y de ente ejecutor (DIRESA \u2013 Cusco).<\/p>\n<figure id=\"attachment_3336\" aria-describedby=\"caption-attachment-3336\" style=\"width: 750px\" class=\"wp-caption aligncenter\"><img fetchpriority=\"high\" decoding=\"async\" class=\"wp-image-3336 size-full\" src=\"http:\/\/derechosinfronteras.pe\/wp-content\/uploads\/2017\/12\/minsa-02.jpg\" alt=\"\" width=\"750\" height=\"563\" \/><figcaption id=\"caption-attachment-3336\" class=\"wp-caption-text\">La delegaci\u00f3n est\u00e1 conformada por los casos emblem\u00e1ticos de Pasco, La Oroya, Bambamarca, San Mateo, Cuninico, Espinar, Chiriaco y Puno.<\/figcaption><\/figure>\n<p style=\"text-align: center;\"><strong>La delegaci\u00f3n de afectados por metales t\u00f3xicos lleg\u00f3 a la ciudad de Lima con el objetivo de ser escuchados, esta semana fueron parte de diferentes actividades para dar a conocer la problem\u00e1tica de contaminaci\u00f3n ambiental y los efectos que esta viene generando a su salud humana.<br \/>\n<\/strong><\/p>\n<p style=\"text-align: justify;\"><em>Seguiremos informando&#8230;<\/em><\/p>\n<h5 style=\"text-align: justify;\"><span style=\"color: #008000;\">Espinar: DIRESA \u2013 Cusco impulsa dosajes en un ambiente de desinformaci\u00f3n y hermetismo<\/span><\/h5>\n<p style=\"text-align: justify;\">Mientras tanto en la provincia de Espinar la Direcci\u00f3n Regional de Salud (DIRESA) en el marco de su plan de intervenci\u00f3n, viene realizando dosajes (muestras de sangre y orina) en los distritos que se encuentran cercanas al \u00e1rea de influencia de la miner\u00eda.<\/p>\n<p style=\"text-align: justify;\">Seg\u00fan su propio plan de <strong>DIRESA en coordinaci\u00f3n con CENSOPAS y MINSA tiene el objetivo de recolectar muestras de mil doscientas personas<\/strong>, estos dosajes habr\u00edan empezado desde el 28 de noviembre en el distrito de Yauri y el 30 de noviembre en el distrito de Pallpata.<\/p>\n<p style=\"text-align: justify;\">Tras recoger los comentarios de algunos dirigentes de la zona, se ha se\u00f1alado que esta campa\u00f1a de salud no ha sido anunciada con anticipaci\u00f3n en los medios de comunicaci\u00f3n local y menos una coordinaci\u00f3n con las comunidades para informar sobre las acciones que se van a realizar en estas semanas; asimismo <strong>han denunciado que la informaci\u00f3n recolectada por DIRESA nunca es socializada o compartida, a pesar de ser un compromiso.<\/strong><\/p>\n<p style=\"text-align: justify;\">En la propuesta de agenda de los pueblos afectados por metales t\u00f3xicos para la defensa y recuperaci\u00f3n de la salud ambiental, y del cual forma parte Espinar, se menciona la necesidad de <em><strong>\u201cDesarrollar una pol\u00edtica de salud que se proponga lograr el bienestar general, que busque prevenir enfermedades y no solo curarlas, as\u00ed como la promoci\u00f3n de la salud. Ello supone una respuesta articulada del Estado para mejorar los determinantes ambientales que influyen en ella\u201d.\u00a0<\/strong><\/em><\/p>\n<p style=\"text-align: justify;\"><img decoding=\"async\" class=\"aligncenter size-full wp-image-3337\" src=\"http:\/\/derechosinfronteras.pe\/wp-content\/uploads\/2017\/12\/diresa-01.jpg\" alt=\"\" width=\"600\" height=\"280\" \/><strong>Al momero el director de la DIRESA Cusco no se ha pronunciado publicamente sobre estas acciones en la provincia de Espinar<\/strong>, sabiendo que este tema es sensible en una provincia que lleva a\u00f1os esperando una atenci\u00f3n idonea y especializada en metales toxicos.<\/p>\n<h4 style=\"text-align: justify;\"><span style=\"color: #008000;\">DATOS:<\/span><\/h4>\n<p style=\"text-align: justify;\">De los dos estudios realizados por CENSOPAS en Espinar (2010 y 2013) en 686 personas de varias comunidades el entorno minero del proyecto Tintaya Antapaccay, en buena parte de las personas dosadas se ha encontrado presencia de metales toxicos como: cadmio, ars\u00e9nico, mercurio y plomo. Metales altamente peligrosos y letales para la salud humana.<\/p>","protected":false},"excerpt":{"rendered":"<p>A la espera de compromisos Tras una incesante b\u00fasqueda por ser escuchados, el d\u00eda de hoy viernes 01 de diciembre se logr\u00f3 concretar una reuni\u00f3n entre el ministro de salud, Fernando D&#8217;Alessio y la delegaci\u00f3n de afectados por metales t\u00f3xicos de diferentes regiones del pa\u00eds; quienes han planteado a los funcionarios del ministerio la necesidad [&hellip;]<\/p>\n","protected":false},"author":1,"featured_media":4794,"comment_status":"closed","ping_status":"open","sticky":false,"template":"","format":"standard","meta":{"_monsterinsights_skip_tracking":false,"_monsterinsights_sitenote_active":false,"_monsterinsights_sitenote_note":"","_monsterinsights_sitenote_category":0,"_jetpack_memberships_contains_paid_content":false,"footnotes":"","jetpack_publicize_message":"","jetpack_publicize_feature_enabled":true,"jetpack_social_post_already_shared":false,"jetpack_social_options":{"image_generator_settings":{"template":"highway","default_image_id":0,"font":"","enabled":false},"version":2}},"categories":[1],"tags":[],"class_list":["post-4793","post","type-post","status-publish","format-standard","has-post-thumbnail","hentry","category-sin-categoria"],"blocksy_meta":[],"jetpack_publicize_connections":[],"jetpack_featured_media_url":"https:\/\/derechosinfronteras.pe\/wp-content\/uploads\/2017\/12\/minsa-01.jpg","jetpack_sharing_enabled":true,"jetpack_likes_enabled":true,"_links":{"self":[{"href":"https:\/\/derechosinfronteras.pe\/ingles\/wp-json\/wp\/v2\/posts\/4793","targetHints":{"allow":["GET"]}}],"collection":[{"href":"https:\/\/derechosinfronteras.pe\/ingles\/wp-json\/wp\/v2\/posts"}],"about":[{"href":"https:\/\/derechosinfronteras.pe\/ingles\/wp-json\/wp\/v2\/types\/post"}],"author":[{"embeddable":true,"href":"https:\/\/derechosinfronteras.pe\/ingles\/wp-json\/wp\/v2\/users\/1"}],"replies":[{"embeddable":true,"href":"https:\/\/derechosinfronteras.pe\/ingles\/wp-json\/wp\/v2\/comments?post=4793"}],"version-history":[{"count":0,"href":"https:\/\/derechosinfronteras.pe\/ingles\/wp-json\/wp\/v2\/posts\/4793\/revisions"}],"wp:featuredmedia":[{"embeddable":true,"href":"https:\/\/derechosinfronteras.pe\/ingles\/wp-json\/wp\/v2\/media\/4794"}],"wp:attachment":[{"href":"https:\/\/derechosinfronteras.pe\/ingles\/wp-json\/wp\/v2\/media?parent=4793"}],"wp:term":[{"taxonomy":"category","embeddable":true,"href":"https:\/\/derechosinfronteras.pe\/ingles\/wp-json\/wp\/v2\/categories?post=4793"},{"taxonomy":"post_tag","embeddable":true,"href":"https:\/\/derechosinfronteras.pe\/ingles\/wp-json\/wp\/v2\/tags?post=4793"}],"curies":[{"name":"wp","href":"https:\/\/api.w.org\/{rel}","templated":true}]}}