{"id":4796,"date":"2017-11-30T15:58:35","date_gmt":"2017-11-30T20:58:35","guid":{"rendered":"http:\/\/derechosinfronteras.pe\/?p=3328"},"modified":"2017-11-30T15:58:35","modified_gmt":"2017-11-30T20:58:35","slug":"3328-2","status":"publish","type":"post","link":"https:\/\/derechosinfronteras.pe\/ingles\/3328-2\/","title":{"rendered":"\u201cNo estamos contra el progreso, queremos calidad de vida\u201d"},"content":{"rendered":"<div class=\"fb-video\" data-allowfullscreen=\"true\" data-href=\"https:\/\/www.facebook.com\/derechossinfronteras.pe\/videos\/1457614217690435\/\" style=\"background-color: #fff; display: inline-block;\"><\/div>\n<p style=\"text-align: right;\"><strong>Texto: Red Muqui<\/strong><\/p>\n<p style=\"text-align: justify;\"><strong>Exigen pol\u00edtica de salud especializada y se comprometen a realizar vigilancia ambiental<\/strong><\/p>\n<p style=\"text-align: justify;\">Llegaron de todas partes del Per\u00fa para hacerse escuchar. Afectados por metales pesados estuvieron en Lima reunidos para dar a conocer la problem\u00e1tica de contaminaci\u00f3n ambiental y pasivos que afectan sus vidas. Representantes de casos emblem\u00e1ticos como Pasco, La Oroya, Bambamarca, San Mateo, Cuninico, Espinar, Chiriaco y Puno conformar\u00e1n una comisi\u00f3n para exigir una\u00a0<strong>Pol\u00edtica de salud integral y atenci\u00f3n especializada al Estado peruano<\/strong>.<\/p>\n<p style=\"text-align: justify;\">\u201cEl Gobierno lleva a\u00f1os de espalda a los que nos sucede\u201d, coment\u00f3 Rosa Amaro, presidenta del Movimiento por la Salud de La Oroya. Ella afirma que la fundidora Doe Run sigue operando y emitiendo gases t\u00f3xicos al ambiente, aunque el gobierno se ha empe\u00f1ado en negar que est\u00e1 operando. En el \u00faltimo informe de salud presentado por RED MUQUI, se comprob\u00f3 que los ni\u00f1os, a los que se les tom\u00f3 pruebas de sangre, ten\u00edan hasta 4 tipos de metales con diferentes grados de afectaci\u00f3n. Se les encontr\u00f3, por ejemplo, ars\u00e9nico, un cancer\u00edgeno, sobre el que la Organizaci\u00f3n Mundial de la Salud ha dado alerta.<\/p>\n<p style=\"text-align: justify;\">En Pasco, el panorama sigue siendo desolador. Los pasivos ambientales contin\u00faan a la espera del presupuesto asignado por el Estado para su remediaci\u00f3n, como afirm\u00f3 el regidor de la Municipalidad de Sim\u00f3n Bol\u00edvar, Jaime Silva. Mientras tanto, \u201ctenemos ni\u00f1os con casos de c\u00e1ncer, leucemia que no son atendidos\u201d coment\u00f3 Hugo Sosa, parte de la delegaci\u00f3n de Cerro de Pasco.\u00a0 Por eso \u201cpedimos que el Estado priorice la atenci\u00f3n en la salud integral, que esto sea asumido como una pol\u00edtica y que nuestros ni\u00f1os sean tratados de forma urgente\u201d, puntualiz\u00f3.<\/p>\n<p style=\"text-align: justify;\">Ismael Julon L\u00f3pez de Bambamarca coment\u00f3 que en dicha regi\u00f3n de Cajamarca la miner\u00eda ha proliferado al punto de que la tierra y el agua se han visto afectadas y ya no se puede cultivar, asimismo, la poblaci\u00f3n est\u00e1 afectada por enfermedades y desnutrici\u00f3n. \u201cTampoco contamos con especialistas que se dediquen a tratar problemas de salud ambiental. Necesitamos profesionales que traten la afectaci\u00f3n de por metales t\u00f3xicos en la poblaci\u00f3n\u201d, asever\u00f3.<\/p>\n<p style=\"text-align: justify;\">Agnita Saboya viene de Cuninico, distrito donde ha ocurrido un derrame de crudo en setiembre, ella cont\u00f3 que una persona hab\u00eda fallecido el d\u00eda 28 de noviembre a consecuencia de intoxicaci\u00f3n con petr\u00f3leo. \u201cNosotros no tenemos ninguna atenci\u00f3n del estado, vivimos olvidados del Estado. Antes ten\u00edamos pescado, yuca, pl\u00e1tano para comercializar, ahora ya no tenemos recursos\u201d, declar\u00f3 a RED MUQUI.<\/p>\n<p style=\"text-align: justify;\">Genaro Aguilar es de San Mateo, una zona de la sierra de Lima donde proliferan pasivos mineros. \u00c9l declar\u00f3 a la prensa que no se trata de oponerse a la miner\u00eda sino de exigir un trabajo responsable por parte de las empresas. \u00abNo estamos en contra del progreso, queremos calidad de vida, salud para las poblaciones\u00bb, se\u00f1al\u00f3.<\/p>\n<p style=\"text-align: justify;\">En el acta que ha sido suscrita por los representantes de las regiones afectadas por metales t\u00f3xicos se resalta la necesidad de una\u00a0<strong>Pol\u00edtica integral de salud especializada<\/strong>\u00a0y donde se cuenten con protocolos establecidos. Se solicita al Estado que dote de agua de calidad a las poblaciones para evitar que se sigan contaminando. Se pide, adem\u00e1s, que se d\u00e9 prioridad a la remediaci\u00f3n de pasivos ambientales.<\/p>\n<p style=\"text-align: justify;\">Por su parte, las dirigentes se comprometieron a realizar monitoreo y vigilancia ambiental para prevenir mayores desastres ambientales, as\u00ed como, a fomentar la educaci\u00f3n ambiental de las poblaciones. \u00a0Ellos consideran que las comunidades deben actuar como protectoras de la tierra, lagunas, r\u00edos y fuentes de agua.<\/p>","protected":false},"excerpt":{"rendered":"<p>Texto: Red Muqui Exigen pol\u00edtica de salud especializada y se comprometen a realizar vigilancia ambiental Llegaron de todas partes del Per\u00fa para hacerse escuchar. Afectados por metales pesados estuvieron en Lima reunidos para dar a conocer la problem\u00e1tica de contaminaci\u00f3n ambiental y pasivos que afectan sus vidas. Representantes de casos emblem\u00e1ticos como Pasco, La Oroya, [&hellip;]<\/p>\n","protected":false},"author":1,"featured_media":4797,"comment_status":"closed","ping_status":"open","sticky":false,"template":"","format":"standard","meta":{"_monsterinsights_skip_tracking":false,"_monsterinsights_sitenote_active":false,"_monsterinsights_sitenote_note":"","_monsterinsights_sitenote_category":0,"_jetpack_memberships_contains_paid_content":false,"footnotes":"","jetpack_publicize_message":"","jetpack_publicize_feature_enabled":true,"jetpack_social_post_already_shared":false,"jetpack_social_options":{"image_generator_settings":{"template":"highway","default_image_id":0,"font":"","enabled":false},"version":2}},"categories":[1],"tags":[],"class_list":["post-4796","post","type-post","status-publish","format-standard","has-post-thumbnail","hentry","category-sin-categoria"],"blocksy_meta":[],"jetpack_publicize_connections":[],"jetpack_featured_media_url":"https:\/\/derechosinfronteras.pe\/wp-content\/uploads\/2017\/11\/Intoxicados.jpg","jetpack_sharing_enabled":true,"jetpack_likes_enabled":true,"_links":{"self":[{"href":"https:\/\/derechosinfronteras.pe\/ingles\/wp-json\/wp\/v2\/posts\/4796","targetHints":{"allow":["GET"]}}],"collection":[{"href":"https:\/\/derechosinfronteras.pe\/ingles\/wp-json\/wp\/v2\/posts"}],"about":[{"href":"https:\/\/derechosinfronteras.pe\/ingles\/wp-json\/wp\/v2\/types\/post"}],"author":[{"embeddable":true,"href":"https:\/\/derechosinfronteras.pe\/ingles\/wp-json\/wp\/v2\/users\/1"}],"replies":[{"embeddable":true,"href":"https:\/\/derechosinfronteras.pe\/ingles\/wp-json\/wp\/v2\/comments?post=4796"}],"version-history":[{"count":0,"href":"https:\/\/derechosinfronteras.pe\/ingles\/wp-json\/wp\/v2\/posts\/4796\/revisions"}],"wp:featuredmedia":[{"embeddable":true,"href":"https:\/\/derechosinfronteras.pe\/ingles\/wp-json\/wp\/v2\/media\/4797"}],"wp:attachment":[{"href":"https:\/\/derechosinfronteras.pe\/ingles\/wp-json\/wp\/v2\/media?parent=4796"}],"wp:term":[{"taxonomy":"category","embeddable":true,"href":"https:\/\/derechosinfronteras.pe\/ingles\/wp-json\/wp\/v2\/categories?post=4796"},{"taxonomy":"post_tag","embeddable":true,"href":"https:\/\/derechosinfronteras.pe\/ingles\/wp-json\/wp\/v2\/tags?post=4796"}],"curies":[{"name":"wp","href":"https:\/\/api.w.org\/{rel}","templated":true}]}}