{"id":4798,"date":"2017-11-28T17:18:05","date_gmt":"2017-11-28T22:18:05","guid":{"rendered":"http:\/\/derechosinfronteras.pe\/?p=3325"},"modified":"2017-11-28T17:18:05","modified_gmt":"2017-11-28T22:18:05","slug":"cusco-en-contra-de-la-violencia-hacia-la-mujer","status":"publish","type":"post","link":"https:\/\/derechosinfronteras.pe\/ingles\/cusco-en-contra-de-la-violencia-hacia-la-mujer\/","title":{"rendered":"Cusco en contra de la violencia hacia la mujer"},"content":{"rendered":"<div class=\"fb-video\" data-allowfullscreen=\"true\" data-href=\"https:\/\/www.facebook.com\/derechossinfronteras.pe\/videos\/1455495837902273\/\" style=\"background-color: #fff; display: inline-block;\"><\/div>\n<p style=\"text-align: justify;\">Las cosas no han cambiado, por eso cientos de mujeres de Cusco salieron a marchar el pasado 25 de noviembre, d\u00eda internacional por la eliminaci\u00f3n de la violencia hacia las mujeres. La concentraci\u00f3n inici\u00f3 desde las 3:30 p.m. en el parque de Mariscal Gamarra, donde organizaciones, colectivos, familias y colegios se sumaban a la marcha simb\u00f3lica en contra de la violencia machista.<\/p>\n<p style=\"text-align: justify;\">La violencia contra la mujer sigue presente, y se ha evidenciado en los \u00faltimos casos m\u00e1s a nivel de Cusco y del Pa\u00eds.\u00a0 Seg\u00fan las estad\u00edsticas, 10 feminicidios son registrados cada mes, dos de cada tres cusque\u00f1as ha sufrido violencia f\u00edsica de parte de alguna pareja. Cada d\u00eda, se registran m\u00e1s de 50 denuncias por violaci\u00f3n sexual. En Cusco, es una a dos violaciones cada d\u00eda. El acoso sexual en los centros de estudio, centros laborales, en las calles, en las casas,\u00a0es una situaci\u00f3n permanente que las mujeres tienen que soportar a diario.<\/p>\n<p style=\"text-align: justify;\">Cada a\u00f1o, se suman m\u00e1s denuncias de mujeres por violencia psicol\u00f3gica, econ\u00f3mica, sexual, f\u00edsica de parte de sus parejas, ex parejas, familiares. En el 2017, salieron denuncias p\u00fablicas por violencia de g\u00e9nero contra profesores universitarios, directores de teatro famosos, responsables pol\u00edticos. Mientras eso, casos como los de Gabriela Guill\u00e9n, Yanet Mamani y Maribel Salas, entre otros, no progresan en el sentido de rendir la justicia debida y adecuada a las v\u00edctimas de violencia machista.<\/p>\n<p style=\"text-align: justify;\">Colectivos Feministas de Cusco, concuerdan en sus exigencias para combatir la violencia que sufren:<\/p>\n<ul>\n<li style=\"text-align: justify;\">Educaci\u00f3n con enfoque de g\u00e9nero.<\/li>\n<li style=\"text-align: justify;\">La regulaci\u00f3n de los contenidos en medios de comunicaci\u00f3n, que cosifican a las mujeres y normalizan la violencia machista<\/li>\n<li style=\"text-align: justify;\">Aumento del presupuesto p\u00fablico para el acojo de las v\u00edctimas de violencia dom\u00e9stica.<\/li>\n<li style=\"text-align: justify;\">Formaci\u00f3n de los operadores de justicia al enfoque de g\u00e9nero, justicia inmediata y eficiente para las v\u00edctimas<\/li>\n<li style=\"text-align: justify;\">Erradicaci\u00f3n de las redes de trata de mujeres por explotaci\u00f3n laboral y sexual<\/li>\n<\/ul>\n<p>Las cosa no han cambiado, y nos corresponde a todas y todos sumarnos para gritar juntas\/os \u00a1NI UNA MENOS!<\/p>","protected":false},"excerpt":{"rendered":"<p>Las cosas no han cambiado, por eso cientos de mujeres de Cusco salieron a marchar el pasado 25 de noviembre, d\u00eda internacional por la eliminaci\u00f3n de la violencia hacia las mujeres. La concentraci\u00f3n inici\u00f3 desde las 3:30 p.m. en el parque de Mariscal Gamarra, donde organizaciones, colectivos, familias y colegios se sumaban a la marcha [&hellip;]<\/p>\n","protected":false},"author":1,"featured_media":4799,"comment_status":"closed","ping_status":"open","sticky":false,"template":"","format":"standard","meta":{"_monsterinsights_skip_tracking":false,"_monsterinsights_sitenote_active":false,"_monsterinsights_sitenote_note":"","_monsterinsights_sitenote_category":0,"_jetpack_memberships_contains_paid_content":false,"footnotes":"","jetpack_publicize_message":"","jetpack_publicize_feature_enabled":true,"jetpack_social_post_already_shared":false,"jetpack_social_options":{"image_generator_settings":{"template":"highway","default_image_id":0,"font":"","enabled":false},"version":2}},"categories":[1],"tags":[],"class_list":["post-4798","post","type-post","status-publish","format-standard","has-post-thumbnail","hentry","category-sin-categoria"],"blocksy_meta":[],"jetpack_publicize_connections":[],"jetpack_featured_media_url":"https:\/\/derechosinfronteras.pe\/wp-content\/uploads\/2017\/11\/25_N-e1511907434816.jpg","jetpack_sharing_enabled":true,"jetpack_likes_enabled":true,"_links":{"self":[{"href":"https:\/\/derechosinfronteras.pe\/ingles\/wp-json\/wp\/v2\/posts\/4798","targetHints":{"allow":["GET"]}}],"collection":[{"href":"https:\/\/derechosinfronteras.pe\/ingles\/wp-json\/wp\/v2\/posts"}],"about":[{"href":"https:\/\/derechosinfronteras.pe\/ingles\/wp-json\/wp\/v2\/types\/post"}],"author":[{"embeddable":true,"href":"https:\/\/derechosinfronteras.pe\/ingles\/wp-json\/wp\/v2\/users\/1"}],"replies":[{"embeddable":true,"href":"https:\/\/derechosinfronteras.pe\/ingles\/wp-json\/wp\/v2\/comments?post=4798"}],"version-history":[{"count":0,"href":"https:\/\/derechosinfronteras.pe\/ingles\/wp-json\/wp\/v2\/posts\/4798\/revisions"}],"wp:featuredmedia":[{"embeddable":true,"href":"https:\/\/derechosinfronteras.pe\/ingles\/wp-json\/wp\/v2\/media\/4799"}],"wp:attachment":[{"href":"https:\/\/derechosinfronteras.pe\/ingles\/wp-json\/wp\/v2\/media?parent=4798"}],"wp:term":[{"taxonomy":"category","embeddable":true,"href":"https:\/\/derechosinfronteras.pe\/ingles\/wp-json\/wp\/v2\/categories?post=4798"},{"taxonomy":"post_tag","embeddable":true,"href":"https:\/\/derechosinfronteras.pe\/ingles\/wp-json\/wp\/v2\/tags?post=4798"}],"curies":[{"name":"wp","href":"https:\/\/api.w.org\/{rel}","templated":true}]}}