{"id":4800,"date":"2017-11-28T15:43:41","date_gmt":"2017-11-28T20:43:41","guid":{"rendered":"http:\/\/derechosinfronteras.pe\/?p=3322"},"modified":"2017-11-28T15:43:41","modified_gmt":"2017-11-28T20:43:41","slug":"semana-de-salud-ambiental-que-esta-pasando-en-espinar","status":"publish","type":"post","link":"https:\/\/derechosinfronteras.pe\/ingles\/semana-de-salud-ambiental-que-esta-pasando-en-espinar\/","title":{"rendered":"Semana de salud ambiental: \u00bfQu\u00e9 est\u00e1 pasando en Espinar?"},"content":{"rendered":"<p style=\"text-align: justify;\"><span class=\"text_exposed_show\">Ayer, 27 de noviembre inici\u00f3 la\u00a0<strong>Semana sobre la problem\u00e1tica de salud ambiental vinculada a las actividades extractivas.\u00a0<\/strong>La primera actividad ser\u00e1\u00a0Presentaci\u00f3n del informe\u00a0<strong>\u201cMetales pesados t\u00f3xicos y salud p\u00fablica: el caso de Espinar\u201d,<\/strong>\u00a0que se realiz\u00f3 en\u00a0<strong><i>\u00a0en el Centro Cultural CAFAE \u2013SE. <\/i><\/strong>Como panelistas estuvieron m\u00e9dicos especialistas que en los \u00faltimos a\u00f1os han realizado estudios de investigaci\u00f3n toxicol\u00f3gica en Espinar y en otras zonas del pa\u00eds. Tambi\u00e9n se cont\u00f3 con la presencia de afectadas y afectados con metales pesados que viajaron desde\u00a0la provincia cusque\u00f1a para denunciar y hacer visibles sus casos.\u00a0<\/span><\/p>\n<div class=\"fb-video\" data-allowfullscreen=\"true\" data-href=\"https:\/\/www.facebook.com\/derechossinfronteras.pe\/videos\/1455589487892908\/\" style=\"background-color: #fff; display: inline-block;\"><\/div>\n<p style=\"text-align: justify;\">Este evento tuvo como objetivo presentar informaci\u00f3n clave acerca de la afectaci\u00f3n a la salud con metales pesados de la poblaci\u00f3n de Espinar, y estar\u00e1 a cargo de expertos nacionales quienes brindar\u00e1n a los asistentes informaci\u00f3n y opiniones t\u00e9cnicas sobre c\u00f3mo atender esta problem\u00e1tica.<\/p>\n<p class=\"x_ydpfb042e86yiv7940198573MsoNormal\" style=\"text-align: justify;\"><strong>\u00bfCu\u00e1l es la situaci\u00f3n de Espinar?<\/strong><\/p>\n<p class=\"x_ydpfb042e86yiv7940198573MsoNormal\" style=\"text-align: justify;\">Los estudios realizados por las autoridades peruanas concluyeron que varias comunidades enteras de Espinar han estado expuestas a metales pesados y otras sustancias qu\u00edmicas, y que sus \u00fanicas fuentes de agua est\u00e1n contaminadas. Las mujeres que viven en estas comunidades de Espinar se quejaban de constantes jaquecas, dolores de est\u00f3mago, diarrea, irritaci\u00f3n de los ojos y problemas respiratorios y renales.<\/p>\n<p style=\"text-align: justify;\">Un estudio realizado en 2010 por el Centro Nacional de Salud Ocupacional y Protecci\u00f3n del Medio Ambiente para la Salud concluy\u00f3 que casi todos los miembros de la comunidad a los que se realizaron an\u00e1lisis ten\u00edan plomo, cadmio, mercurio o ars\u00e9nico en la sangre. Se sabe que la exposici\u00f3n prolongada a estos metales t\u00f3xicos provoca una diversidad de problemas de salud cr\u00f3nicos, entre ellos p\u00e9rdida de memoria, infertilidad, p\u00e9rdida de visi\u00f3n, diabetes, enfermedades hep\u00e1ticas, fallo renal y c\u00e1ncer.\u00a0El Estado peruano ha incumplido por completo su deber de proteger a las comunidades de Espinar y garantizar su derecho a la salud.<\/p>\n<p style=\"text-align: justify;\">Conoce m\u00e1s de las actividades en\u00a0<a href=\"https:\/\/www.facebook.com\/events\/2020288038215317\/\" target=\"_blank\" rel=\"noopener\">nuestro evento de facebook.<\/a><\/p>\n<div class=\"fb-video\" data-allowfullscreen=\"true\" data-href=\"https:\/\/www.facebook.com\/derechossinfronteras.pe\/videos\/1455635401221650\/\" style=\"background-color: #fff; display: inline-block;\"><\/div>","protected":false},"excerpt":{"rendered":"<p>Ayer, 27 de noviembre inici\u00f3 la\u00a0Semana sobre la problem\u00e1tica de salud ambiental vinculada a las actividades extractivas.\u00a0La primera actividad ser\u00e1\u00a0Presentaci\u00f3n del informe\u00a0\u201cMetales pesados t\u00f3xicos y salud p\u00fablica: el caso de Espinar\u201d,\u00a0que se realiz\u00f3 en\u00a0\u00a0en el Centro Cultural CAFAE \u2013SE. Como panelistas estuvieron m\u00e9dicos especialistas que en los \u00faltimos a\u00f1os han realizado estudios de investigaci\u00f3n toxicol\u00f3gica [&hellip;]<\/p>\n","protected":false},"author":1,"featured_media":4801,"comment_status":"closed","ping_status":"open","sticky":false,"template":"","format":"standard","meta":{"_monsterinsights_skip_tracking":false,"_monsterinsights_sitenote_active":false,"_monsterinsights_sitenote_note":"","_monsterinsights_sitenote_category":0,"_jetpack_memberships_contains_paid_content":false,"footnotes":"","jetpack_publicize_message":"","jetpack_publicize_feature_enabled":true,"jetpack_social_post_already_shared":false,"jetpack_social_options":{"image_generator_settings":{"template":"highway","default_image_id":0,"font":"","enabled":false},"version":2}},"categories":[1],"tags":[],"class_list":["post-4800","post","type-post","status-publish","format-standard","has-post-thumbnail","hentry","category-sin-categoria"],"blocksy_meta":[],"jetpack_publicize_connections":[],"jetpack_featured_media_url":"https:\/\/derechosinfronteras.pe\/wp-content\/uploads\/2017\/11\/23926575_1604768909612738_24409961061345369_o-e1511901329583.png","jetpack_sharing_enabled":true,"jetpack_likes_enabled":true,"_links":{"self":[{"href":"https:\/\/derechosinfronteras.pe\/ingles\/wp-json\/wp\/v2\/posts\/4800","targetHints":{"allow":["GET"]}}],"collection":[{"href":"https:\/\/derechosinfronteras.pe\/ingles\/wp-json\/wp\/v2\/posts"}],"about":[{"href":"https:\/\/derechosinfronteras.pe\/ingles\/wp-json\/wp\/v2\/types\/post"}],"author":[{"embeddable":true,"href":"https:\/\/derechosinfronteras.pe\/ingles\/wp-json\/wp\/v2\/users\/1"}],"replies":[{"embeddable":true,"href":"https:\/\/derechosinfronteras.pe\/ingles\/wp-json\/wp\/v2\/comments?post=4800"}],"version-history":[{"count":0,"href":"https:\/\/derechosinfronteras.pe\/ingles\/wp-json\/wp\/v2\/posts\/4800\/revisions"}],"wp:featuredmedia":[{"embeddable":true,"href":"https:\/\/derechosinfronteras.pe\/ingles\/wp-json\/wp\/v2\/media\/4801"}],"wp:attachment":[{"href":"https:\/\/derechosinfronteras.pe\/ingles\/wp-json\/wp\/v2\/media?parent=4800"}],"wp:term":[{"taxonomy":"category","embeddable":true,"href":"https:\/\/derechosinfronteras.pe\/ingles\/wp-json\/wp\/v2\/categories?post=4800"},{"taxonomy":"post_tag","embeddable":true,"href":"https:\/\/derechosinfronteras.pe\/ingles\/wp-json\/wp\/v2\/tags?post=4800"}],"curies":[{"name":"wp","href":"https:\/\/api.w.org\/{rel}","templated":true}]}}