{"id":4802,"date":"2017-11-27T17:29:08","date_gmt":"2017-11-27T22:29:08","guid":{"rendered":"http:\/\/derechosinfronteras.pe\/?p=3319"},"modified":"2017-11-27T17:29:08","modified_gmt":"2017-11-27T22:29:08","slug":"semana-de-salud-ambiental-presentacion-del-caso-espinar","status":"publish","type":"post","link":"https:\/\/derechosinfronteras.pe\/ingles\/semana-de-salud-ambiental-presentacion-del-caso-espinar\/","title":{"rendered":"Semana de salud ambiental: Presentaci\u00f3n del Caso Espinar"},"content":{"rendered":"<p style=\"text-align: justify;\"><span class=\"text_exposed_show\">27 de noviembre. Hoy da inicio la <strong>Semana sobre la problem\u00e1tica de salud ambiental vinculada a las actividades extractivas.\u00a0<\/strong>La primera actividad ser\u00e1\u00a0Presentaci\u00f3n del informe <strong>\u00abMetales pesados t\u00f3xicos y salud p\u00fablica: el caso de Espinar\u00bb,<\/strong>\u00a0la cita es a las<strong><i>\u00a07:00 p.m. en el Centro Cultural CAFAE \u2013SE sito en Av. Arequipa 2985, San Isidro<\/i>.<\/strong><\/span><\/p>\n<p style=\"text-align: justify;\"><span style=\"font-family: verdana, sans-serif;\">Este evento tiene como objetivo presentar informaci\u00f3n clave acerca de la afectaci\u00f3n a la salud con metales pesados de la poblaci\u00f3n de Espinar, y estar\u00e1 a cargo de expertos nacionales quienes brindar\u00e1n a los asistentes informaci\u00f3n y opiniones t\u00e9cnicas sobre c\u00f3mo atender esta problem\u00e1tica.<\/span><\/p>\n<p class=\"x_ydpfb042e86yiv7940198573MsoNormal\" style=\"text-align: justify;\"><strong>\u00bfCu\u00e1l es la situaci\u00f3n de Espinar?<\/strong><\/p>\n<p class=\"x_ydpfb042e86yiv7940198573MsoNormal\" style=\"text-align: justify;\">Los estudios realizados por las autoridades peruanas concluyeron que varias comunidades enteras de Espinar han estado expuestas a metales pesados y otras sustancias qu\u00edmicas, y que sus \u00fanicas fuentes de agua est\u00e1n contaminadas. Las mujeres que viven en estas comunidades de Espinar se quejaban de constantes jaquecas, dolores de est\u00f3mago, diarrea, irritaci\u00f3n de los ojos y problemas respiratorios y renales.<\/p>\n<p style=\"text-align: justify;\">Carmen Catalina Chambi Surco cont\u00f3 a Amnist\u00eda Internacional que cuatro de sus seis hijos est\u00e1n enfermos. Uno de ellos naci\u00f3 con un o\u00eddo bloqueado y a otro le tuvieron que extirpar un quiste de un pulm\u00f3n. Carmen sufre dolor cr\u00f3nico en los pulmones, ha perdido la audici\u00f3n en un o\u00eddo y ha tenido que ser operada de piedras en el h\u00edgado.<\/p>\n<p style=\"text-align: justify;\">Un estudio realizado en 2010 por el Centro Nacional de Salud Ocupacional y Protecci\u00f3n del Medio Ambiente para la Salud concluy\u00f3 que casi todos los miembros de la comunidad a los que se realizaron an\u00e1lisis ten\u00edan plomo, cadmio, mercurio o ars\u00e9nico en la sangre. Se sabe que la exposici\u00f3n prolongada a estos metales t\u00f3xicos provoca una diversidad de problemas de salud cr\u00f3nicos, entre ellos p\u00e9rdida de memoria, infertilidad, p\u00e9rdida de visi\u00f3n, diabetes, enfermedades hep\u00e1ticas, fallo renal y c\u00e1ncer.\u00a0El Estado peruano ha incumplido por completo su deber de proteger a las comunidades de Espinar y garantizar su derecho a la salud.<\/p>\n<p style=\"text-align: justify;\">Conoce m\u00e1s de las actividades en <a href=\"https:\/\/www.facebook.com\/events\/2020288038215317\/\" target=\"_blank\" rel=\"noopener\">nuestro evento de facebook.<\/a><\/p>","protected":false},"excerpt":{"rendered":"<p>27 de noviembre. Hoy da inicio la Semana sobre la problem\u00e1tica de salud ambiental vinculada a las actividades extractivas.\u00a0La primera actividad ser\u00e1\u00a0Presentaci\u00f3n del informe \u00abMetales pesados t\u00f3xicos y salud p\u00fablica: el caso de Espinar\u00bb,\u00a0la cita es a las\u00a07:00 p.m. en el Centro Cultural CAFAE \u2013SE sito en Av. Arequipa 2985, San Isidro. Este evento tiene [&hellip;]<\/p>\n","protected":false},"author":1,"featured_media":4803,"comment_status":"closed","ping_status":"open","sticky":false,"template":"","format":"standard","meta":{"_monsterinsights_skip_tracking":false,"_monsterinsights_sitenote_active":false,"_monsterinsights_sitenote_note":"","_monsterinsights_sitenote_category":0,"_jetpack_memberships_contains_paid_content":false,"footnotes":"","jetpack_publicize_message":"","jetpack_publicize_feature_enabled":true,"jetpack_social_post_already_shared":false,"jetpack_social_options":{"image_generator_settings":{"template":"highway","default_image_id":0,"font":"","enabled":false},"version":2}},"categories":[1],"tags":[],"class_list":["post-4802","post","type-post","status-publish","format-standard","has-post-thumbnail","hentry","category-sin-categoria"],"blocksy_meta":[],"jetpack_publicize_connections":[],"jetpack_featured_media_url":"https:\/\/derechosinfronteras.pe\/wp-content\/uploads\/2017\/11\/ET-Espinar.jpg","jetpack_sharing_enabled":true,"jetpack_likes_enabled":true,"_links":{"self":[{"href":"https:\/\/derechosinfronteras.pe\/ingles\/wp-json\/wp\/v2\/posts\/4802","targetHints":{"allow":["GET"]}}],"collection":[{"href":"https:\/\/derechosinfronteras.pe\/ingles\/wp-json\/wp\/v2\/posts"}],"about":[{"href":"https:\/\/derechosinfronteras.pe\/ingles\/wp-json\/wp\/v2\/types\/post"}],"author":[{"embeddable":true,"href":"https:\/\/derechosinfronteras.pe\/ingles\/wp-json\/wp\/v2\/users\/1"}],"replies":[{"embeddable":true,"href":"https:\/\/derechosinfronteras.pe\/ingles\/wp-json\/wp\/v2\/comments?post=4802"}],"version-history":[{"count":0,"href":"https:\/\/derechosinfronteras.pe\/ingles\/wp-json\/wp\/v2\/posts\/4802\/revisions"}],"wp:featuredmedia":[{"embeddable":true,"href":"https:\/\/derechosinfronteras.pe\/ingles\/wp-json\/wp\/v2\/media\/4803"}],"wp:attachment":[{"href":"https:\/\/derechosinfronteras.pe\/ingles\/wp-json\/wp\/v2\/media?parent=4802"}],"wp:term":[{"taxonomy":"category","embeddable":true,"href":"https:\/\/derechosinfronteras.pe\/ingles\/wp-json\/wp\/v2\/categories?post=4802"},{"taxonomy":"post_tag","embeddable":true,"href":"https:\/\/derechosinfronteras.pe\/ingles\/wp-json\/wp\/v2\/tags?post=4802"}],"curies":[{"name":"wp","href":"https:\/\/api.w.org\/{rel}","templated":true}]}}