{"id":4804,"date":"2017-11-24T17:17:42","date_gmt":"2017-11-24T22:17:42","guid":{"rendered":"http:\/\/derechosinfronteras.pe\/?p=3309"},"modified":"2017-11-24T17:17:42","modified_gmt":"2017-11-24T22:17:42","slug":"primer-encuentro-nacional-de-afectados-por-metales-pesados","status":"publish","type":"post","link":"https:\/\/derechosinfronteras.pe\/ingles\/primer-encuentro-nacional-de-afectados-por-metales-pesados\/","title":{"rendered":"Primer Encuentro Nacional de afectados por metales pesados"},"content":{"rendered":"<p style=\"text-align: justify;\"><strong><em>En el marco de la Semana sobre la problem\u00e1tica de salud ambiental vinculada a las actividades extractivas en el pa\u00eds \u2013desde el lunes 27 de noviembre al viernes 1 de diciembre-, diversas organizaciones sociales vinculados al tema de derechos humanos, poblaciones ind\u00edgenas, entre otros, vienen organizando una serie de actividades enfocadas a pol\u00edticas de salud en zonas de influencia directa e indirecta de las actividades extractivas.<\/em><\/strong><\/p>\n<p style=\"text-align: justify;\">Con\u00a0 el objetivo de iniciar un debate p\u00fablico sobre las medidas urgentes que se deben emprender desde el Estado peruano para que se <span style=\"color: #003366;\">desarrollen pol\u00edticas p\u00fablicas con enfoque de prevenci\u00f3n, atenci\u00f3n y tratamiento especial a la salud de las personas que habitan en zonas de influencia directa e indirecta de las actividades extractivas<\/span> se desarrollar\u00e1 en Lima la <strong><em>Semana sobre la problem\u00e1tica de salud ambiental vinculada a las actividades extractivas en el pa\u00eds<\/em><\/strong><em> \u2013desde el lunes 27 de noviembre al viernes 1 de diciembre.<br \/>\n<\/em><\/p>\n<p style=\"text-align: justify;\"><img fetchpriority=\"high\" decoding=\"async\" class=\"aligncenter size-full wp-image-3310\" src=\"http:\/\/derechosinfronteras.pe\/wp-content\/uploads\/2017\/11\/Semana-01.jpg\" alt=\"\" width=\"796\" height=\"450\" \/>El <strong>lunes 27<\/strong> se realizar\u00e1 el conversatorio \u201cEspinar sigue esperando: entre la desidia del Estado y la urgencia de una poblaci\u00f3n que sufre la contaminaci\u00f3n con metales pesados\u201d. El <strong>mi\u00e9rcoles 29 <\/strong>se desarrollar\u00e1 el Foro P\u00fablico Internacional: \u201cLineamientos de pol\u00edtica de salud p\u00fablica para atender zonas contaminadas por metales pesados\u201d, que se llevar\u00e1 a cabo en Auditorio del Colegio M\u00e9dico del Per\u00fa, Miraflores a las 6pm. Los representantes y poblaciones de las zonas cr\u00edticas afectadas solicitar\u00e1n a diversas instituciones del Estado respuesta a sus demandas de atenci\u00f3n especializada en salud y prevenci\u00f3n como una prioridad de la pol\u00edtica p\u00fablica en el sector salud en el pa\u00eds.<\/p>\n<h4 style=\"text-align: center;\"><span style=\"color: #008000;\">Pese a las evidencias de los graves impactos en la salud en varias zonas con presencia de actividades extractivas en el pa\u00eds, poco es lo que se ha hecho en materia de pol\u00edticas p\u00fablicas orientadas a proteger a las poblaciones.<\/span><\/h4>\n<p style=\"text-align: justify;\"><span style=\"color: #008000;\"><strong><img decoding=\"async\" class=\"aligncenter size-full wp-image-3315\" src=\"http:\/\/derechosinfronteras.pe\/wp-content\/uploads\/2017\/11\/gif-1.gif\" alt=\"\" width=\"800\" height=\"800\" \/>Agnita Saboya<\/strong> <span style=\"color: #000000;\">es una de las afectadas del derrame de petr\u00f3leo producido hace dos a\u00f1os en el Oleoducto Norperuano en Cuninico (Loreto)<\/span><\/span> que contamin\u00f3 las aguas del r\u00edo Mara\u00f1\u00f3n: \u201cNosotros nos aliment\u00e1bamos del pescado, del pl\u00e1tano, de la yuca, del aguaje, pero luego del derrame ha cambiado nuestra situaci\u00f3n de por vida. Ahora estamos tomando el agua de lluvia, pasamos momentos dif\u00edciles porque no sabemos bien cu\u00e1ndo va a llover. A veces llueve en la noche, en la madrugada, nos levantamos a juntar el agua para poder tener en nuestros hogares\u201d.<\/p>\n<p style=\"text-align: justify;\">Saboya afirma que tras del derrame no hay atenci\u00f3n del Estado. <span style=\"color: #000000;\"><strong>\u201cLa gente tiene manchas en la piel, tiene alergias, est\u00e1n con v\u00f3mitos, con diarreas. No nos atienden, lo \u00fanico que nos dan es paracetamol. Nosotros b\u00e1sicamente estamos afectados por culpa del Estado, de su indiferencia.<\/strong><\/span> Nos consideran que somos personas nativas, no responden, no nos dan valor, pero tambi\u00e9n somos seres humanos como ellos. Nosotros pedimos pues que vean nuestra situaci\u00f3n. Hasta ahora no nos ven nuestro tema de agua de nuestra comunidad\u201d,\u00a0 sostiene con indignaci\u00f3n ante la indiferencia de las autoridades nacionales.<\/p>\n<p style=\"text-align: center;\"><span style=\"color: #008000;\"><strong>El caso Cuninico es solo uno de los casos que se abordar\u00e1n en las actividades, donde participar\u00e1n adem\u00e1s personas afectadas por metales pesados de Espinar (Cusco), Cerro de Pasco (Pasco), Hualgayoc (Cajamarca), La Oroya (Jun\u00edn), San Mateo (Lima), las cuencas de Corrientes, Tigre, Mara\u00f1\u00f3n y Pastaza (Loreto), Comunidades nativas del R\u00edo Chiriaco (Regi\u00f3n Amazonas), de Puno y El Callao.<\/strong><\/span><\/p>\n<p style=\"text-align: justify;\"><img decoding=\"async\" class=\"aligncenter size-full wp-image-3311\" src=\"http:\/\/derechosinfronteras.pe\/wp-content\/uploads\/2017\/11\/Semana-02.jpg\" alt=\"\" width=\"900\" height=\"636\" \/><span style=\"color: #800000;\">Estas actividades vienen siendo promovidas por la Mesa de Coordinaci\u00f3n sobre salud ambiental conformada por CooperAcci\u00f3n, Derechos Humanos sin Fronteras, Instituto de Defensa Legal, Amnist\u00eda Internacional, Broederlijk Delen, Coordinadora Nacional de Derechos Humanos, Equidad, RedGE, OXFAM, Comisi\u00f3n Episcopal de Acci\u00f3n Social, Centro Amaz\u00f3nico de Antropolog\u00eda y Aplicaci\u00f3n Pr\u00e1ctica, Red Uniendo Manos Per\u00fa y Red Muqui.<\/span><\/p>","protected":false},"excerpt":{"rendered":"<p>En el marco de la Semana sobre la problem\u00e1tica de salud ambiental vinculada a las actividades extractivas en el pa\u00eds \u2013desde el lunes 27 de noviembre al viernes 1 de diciembre-, diversas organizaciones sociales vinculados al tema de derechos humanos, poblaciones ind\u00edgenas, entre otros, vienen organizando una serie de actividades enfocadas a pol\u00edticas de salud [&hellip;]<\/p>\n","protected":false},"author":1,"featured_media":4805,"comment_status":"closed","ping_status":"open","sticky":false,"template":"","format":"standard","meta":{"_monsterinsights_skip_tracking":false,"_monsterinsights_sitenote_active":false,"_monsterinsights_sitenote_note":"","_monsterinsights_sitenote_category":0,"_jetpack_memberships_contains_paid_content":false,"footnotes":"","jetpack_publicize_message":"","jetpack_publicize_feature_enabled":true,"jetpack_social_post_already_shared":false,"jetpack_social_options":{"image_generator_settings":{"template":"highway","default_image_id":0,"font":"","enabled":false},"version":2}},"categories":[1],"tags":[],"class_list":["post-4804","post","type-post","status-publish","format-standard","has-post-thumbnail","hentry","category-sin-categoria"],"blocksy_meta":[],"jetpack_publicize_connections":[],"jetpack_featured_media_url":"https:\/\/derechosinfronteras.pe\/wp-content\/uploads\/2017\/11\/gif-2.gif","jetpack_sharing_enabled":true,"jetpack_likes_enabled":true,"_links":{"self":[{"href":"https:\/\/derechosinfronteras.pe\/ingles\/wp-json\/wp\/v2\/posts\/4804","targetHints":{"allow":["GET"]}}],"collection":[{"href":"https:\/\/derechosinfronteras.pe\/ingles\/wp-json\/wp\/v2\/posts"}],"about":[{"href":"https:\/\/derechosinfronteras.pe\/ingles\/wp-json\/wp\/v2\/types\/post"}],"author":[{"embeddable":true,"href":"https:\/\/derechosinfronteras.pe\/ingles\/wp-json\/wp\/v2\/users\/1"}],"replies":[{"embeddable":true,"href":"https:\/\/derechosinfronteras.pe\/ingles\/wp-json\/wp\/v2\/comments?post=4804"}],"version-history":[{"count":0,"href":"https:\/\/derechosinfronteras.pe\/ingles\/wp-json\/wp\/v2\/posts\/4804\/revisions"}],"wp:featuredmedia":[{"embeddable":true,"href":"https:\/\/derechosinfronteras.pe\/ingles\/wp-json\/wp\/v2\/media\/4805"}],"wp:attachment":[{"href":"https:\/\/derechosinfronteras.pe\/ingles\/wp-json\/wp\/v2\/media?parent=4804"}],"wp:term":[{"taxonomy":"category","embeddable":true,"href":"https:\/\/derechosinfronteras.pe\/ingles\/wp-json\/wp\/v2\/categories?post=4804"},{"taxonomy":"post_tag","embeddable":true,"href":"https:\/\/derechosinfronteras.pe\/ingles\/wp-json\/wp\/v2\/tags?post=4804"}],"curies":[{"name":"wp","href":"https:\/\/api.w.org\/{rel}","templated":true}]}}