{"id":4809,"date":"2017-11-24T13:30:04","date_gmt":"2017-11-24T18:30:04","guid":{"rendered":"http:\/\/derechosinfronteras.pe\/?p=3298"},"modified":"2017-11-24T13:30:04","modified_gmt":"2017-11-24T18:30:04","slug":"chumbivilcas-libre-de-violencia","status":"publish","type":"post","link":"https:\/\/derechosinfronteras.pe\/ingles\/chumbivilcas-libre-de-violencia\/","title":{"rendered":"Chumbivilcas libre de violencia"},"content":{"rendered":"<p style=\"text-align: center;\"><span style=\"color: #800080;\"><strong>La provincia de Chumbivilcas, junto con sus organizaciones, se han sumado a las iniciativas contra la violencia a la mujer<\/strong><\/span>, el d\u00eda de hoy se ha desarrollado un taller de sensibilizaci\u00f3n con los operadores de justicia y ma\u00f1ana, <span style=\"color: #ff0000;\"><strong>D\u00eda Internacional Contra la Violencia a la Mujer<\/strong><\/span>, el pueblo chumbivilcano se movilizar\u00e1 por las principales calles de Santo Tomas.<\/p>\n<p style=\"text-align: justify;\"><img fetchpriority=\"high\" decoding=\"async\" class=\"aligncenter size-full wp-image-3301\" src=\"http:\/\/derechosinfronteras.pe\/wp-content\/uploads\/2017\/11\/chumbi-02.jpg\" alt=\"\" width=\"750\" height=\"384\" \/><span style=\"color: #800080;\"><em>La Instancia Provincial de Concertaci\u00f3n para Erradicar la Violencia contra la Mujer y los Integrantes de la familia de Chumbivilcas<\/em><\/span> ha desarrollado una serie de actividades, una de ellas es el taller de capacitaci\u00f3n con los operadores de justicia, en este importante evento <em><strong>particip\u00f3 la Policia Nacional del Per\u00fa, la Fiscal Provincial Civil y Familia de Chumbivilcas, la Defensoria del Pueblo, el Centro de Emergencia Mujer del Cusco, entre otras organizaciones relacionadas a esta importante causa, la lucha contra la violencia a la mujer.<\/strong><\/em><\/p>\n<p style=\"text-align: justify;\"><img decoding=\"async\" class=\"aligncenter size-full wp-image-3302\" src=\"http:\/\/derechosinfronteras.pe\/wp-content\/uploads\/2017\/11\/chumu.jpg\" alt=\"\" width=\"650\" height=\"410\" \/>Bajo el lema <strong><span style=\"color: #800080;\">\u00abChumbivilcas Libre de Violencia\u00bb<\/span><\/strong>, ma\u00f1ana 25 de noviembre a partir de las 09:00am. en Santo Tomas se realizar\u00e1 una marcha de sensibilizaci\u00f3n y denuncia contra la violencia a la mujer, con polos y con globos blancos las diferentes organizaciones de la provincia se sumaran a la actividad.<\/p>\n<h5 style=\"text-align: justify;\"><span style=\"color: #800080;\">Algo M\u00e1s:<\/span> El d\u00eda de hoy, los estudiantes de nivel secundario de la provincia Espinar se movilizaron contra la violencia de la mujer.<img decoding=\"async\" class=\"aligncenter size-full wp-image-3303\" src=\"http:\/\/derechosinfronteras.pe\/wp-content\/uploads\/2017\/11\/espi-01.jpg\" alt=\"\" width=\"800\" height=\"558\" \/><\/h5>","protected":false},"excerpt":{"rendered":"<p>La provincia de Chumbivilcas, junto con sus organizaciones, se han sumado a las iniciativas contra la violencia a la mujer, el d\u00eda de hoy se ha desarrollado un taller de sensibilizaci\u00f3n con los operadores de justicia y ma\u00f1ana, D\u00eda Internacional Contra la Violencia a la Mujer, el pueblo chumbivilcano se movilizar\u00e1 por las principales calles [&hellip;]<\/p>\n","protected":false},"author":1,"featured_media":4810,"comment_status":"closed","ping_status":"open","sticky":false,"template":"","format":"standard","meta":{"_monsterinsights_skip_tracking":false,"_monsterinsights_sitenote_active":false,"_monsterinsights_sitenote_note":"","_monsterinsights_sitenote_category":0,"_jetpack_memberships_contains_paid_content":false,"footnotes":"","jetpack_publicize_message":"","jetpack_publicize_feature_enabled":true,"jetpack_social_post_already_shared":false,"jetpack_social_options":{"image_generator_settings":{"template":"highway","default_image_id":0,"font":"","enabled":false},"version":2}},"categories":[1],"tags":[],"class_list":["post-4809","post","type-post","status-publish","format-standard","has-post-thumbnail","hentry","category-sin-categoria"],"blocksy_meta":[],"jetpack_publicize_connections":[],"jetpack_featured_media_url":"https:\/\/derechosinfronteras.pe\/wp-content\/uploads\/2017\/11\/chumbi-01.jpg","jetpack_sharing_enabled":true,"jetpack_likes_enabled":true,"_links":{"self":[{"href":"https:\/\/derechosinfronteras.pe\/ingles\/wp-json\/wp\/v2\/posts\/4809","targetHints":{"allow":["GET"]}}],"collection":[{"href":"https:\/\/derechosinfronteras.pe\/ingles\/wp-json\/wp\/v2\/posts"}],"about":[{"href":"https:\/\/derechosinfronteras.pe\/ingles\/wp-json\/wp\/v2\/types\/post"}],"author":[{"embeddable":true,"href":"https:\/\/derechosinfronteras.pe\/ingles\/wp-json\/wp\/v2\/users\/1"}],"replies":[{"embeddable":true,"href":"https:\/\/derechosinfronteras.pe\/ingles\/wp-json\/wp\/v2\/comments?post=4809"}],"version-history":[{"count":0,"href":"https:\/\/derechosinfronteras.pe\/ingles\/wp-json\/wp\/v2\/posts\/4809\/revisions"}],"wp:featuredmedia":[{"embeddable":true,"href":"https:\/\/derechosinfronteras.pe\/ingles\/wp-json\/wp\/v2\/media\/4810"}],"wp:attachment":[{"href":"https:\/\/derechosinfronteras.pe\/ingles\/wp-json\/wp\/v2\/media?parent=4809"}],"wp:term":[{"taxonomy":"category","embeddable":true,"href":"https:\/\/derechosinfronteras.pe\/ingles\/wp-json\/wp\/v2\/categories?post=4809"},{"taxonomy":"post_tag","embeddable":true,"href":"https:\/\/derechosinfronteras.pe\/ingles\/wp-json\/wp\/v2\/tags?post=4809"}],"curies":[{"name":"wp","href":"https:\/\/api.w.org\/{rel}","templated":true}]}}