{"id":4814,"date":"2017-11-24T12:59:23","date_gmt":"2017-11-24T17:59:23","guid":{"rendered":"http:\/\/derechosinfronteras.pe\/?p=3300"},"modified":"2017-11-24T12:59:23","modified_gmt":"2017-11-24T17:59:23","slug":"espinar-dirigentes-del-fudie-son-investigados-por-ejercer-sus-derechos","status":"publish","type":"post","link":"https:\/\/derechosinfronteras.pe\/ingles\/espinar-dirigentes-del-fudie-son-investigados-por-ejercer-sus-derechos\/","title":{"rendered":"Espinar: Dirigentes del FUDIE son investigados por ejercer sus derechos"},"content":{"rendered":"<p style=\"text-align: justify;\">En este contexto en el que se pone en tela de juicio la labor que desempe\u00f1a la Fiscal\u00eda por su evidente falta de diligencia en los casos de corrupci\u00f3n, tambi\u00e9n es importante cuestionar su actitud inversa (activa) cuando se trata de investigaciones penales que intentan criminalizar a l\u00edderes y dirigentes de organizaciones sociales que ejercen o ejercieron su derecho a la libertad de expresi\u00f3n, asociaci\u00f3n y\/o reuni\u00f3n, derechos que sin duda alguna en un estado democr\u00e1tico deber\u00edan ser respetados y no reprimidos.<\/p>\n<p style=\"text-align: justify;\">Este es el caso de los l\u00edderes y dirigentes del Frente \u00danico de Defensa de la provincia de Espinar Edgar Huranca Katata, Lourdes Sumi Merma, Hernan Lupacca Noa y Yudi M. Sulla Ylachoque a quienes el pasado 26 de mayo del 2017 la Fiscal\u00eda Penal de Espinar a trav\u00e9s de la DISPOSICI\u00d3N N\u00b0 01-MP-FPP-E les apertura denuncia penal por los delitos de usurpaci\u00f3n de funci\u00f3n P\u00fablica, Violencia contra la autoridad para obligarle a algo, violencia contra la autoridades elegidas y coacci\u00f3n en agravio del Alcalde Manuel Salinas Zapata de la Municipalidad provincia de Espinar.<\/p>\n<p style=\"text-align: justify;\">De la denuncia presentada por la Municipalidad se advierte que su principal argumento es que los ahora denunciados cometieron delitos cuando presentaron varias cartas dirigidas a alcalde peticion\u00e1ndole el cumplimiento de sus compromisos en la Asamblea Popular desarrollada en fecha 31 de mayo del 2016.<\/p>\n<p style=\"text-align: justify;\">Luego en fecha 07 de noviembre del 2017 se notifica con la DISPOSICI\u00d3N N 02 donde se requiere a los denunciados apersonarse el d\u00eda 22 de noviembre a horas 9 am para la toma de su declaraci\u00f3n \u201cBAJO APERCIBIMIENTO DE DISPONER SU CONDUCCI\u00d3N COMPULSIVA EN CASO DE INCONCURRENCIA\u201d, es decir, sorprendentemente en la segunda notificaci\u00f3n la Fiscal\u00eda presurosa ejerce su poder coercitivo. Esta labor diligente debe ser contrastada con las denuncias que son interpuestas por los comuneros en contra de las instituciones p\u00fablicas y empresas mineras.<\/p>\n<p style=\"text-align: justify;\">Es evidente que en este caso se intenta utilizar el derecho penal para limitar el derecho a la petici\u00f3n, a la libertad de expresi\u00f3n, asociaci\u00f3n y reuni\u00f3n; pero adem\u00e1s se pretende generar temor a la organizaci\u00f3n social que por tradici\u00f3n concretizan sus derechos en espacios p\u00fablicos como son las Asambleas Populares.<\/p>","protected":false},"excerpt":{"rendered":"<p>En este contexto en el que se pone en tela de juicio la labor que desempe\u00f1a la Fiscal\u00eda por su evidente falta de diligencia en los casos de corrupci\u00f3n, tambi\u00e9n es importante cuestionar su actitud inversa (activa) cuando se trata de investigaciones penales que intentan criminalizar a l\u00edderes y dirigentes de organizaciones sociales que ejercen [&hellip;]<\/p>\n","protected":false},"author":1,"featured_media":4331,"comment_status":"closed","ping_status":"open","sticky":false,"template":"","format":"standard","meta":{"_monsterinsights_skip_tracking":false,"_monsterinsights_sitenote_active":false,"_monsterinsights_sitenote_note":"","_monsterinsights_sitenote_category":0,"_jetpack_memberships_contains_paid_content":false,"footnotes":"","jetpack_publicize_message":"","jetpack_publicize_feature_enabled":true,"jetpack_social_post_already_shared":false,"jetpack_social_options":{"image_generator_settings":{"template":"highway","default_image_id":0,"font":"","enabled":false},"version":2}},"categories":[1],"tags":[],"class_list":["post-4814","post","type-post","status-publish","format-standard","has-post-thumbnail","hentry","category-sin-categoria"],"blocksy_meta":[],"jetpack_publicize_connections":[],"jetpack_featured_media_url":"https:\/\/derechosinfronteras.pe\/wp-content\/uploads\/2017\/11\/Fudie.jpg","jetpack_sharing_enabled":true,"jetpack_likes_enabled":true,"_links":{"self":[{"href":"https:\/\/derechosinfronteras.pe\/ingles\/wp-json\/wp\/v2\/posts\/4814","targetHints":{"allow":["GET"]}}],"collection":[{"href":"https:\/\/derechosinfronteras.pe\/ingles\/wp-json\/wp\/v2\/posts"}],"about":[{"href":"https:\/\/derechosinfronteras.pe\/ingles\/wp-json\/wp\/v2\/types\/post"}],"author":[{"embeddable":true,"href":"https:\/\/derechosinfronteras.pe\/ingles\/wp-json\/wp\/v2\/users\/1"}],"replies":[{"embeddable":true,"href":"https:\/\/derechosinfronteras.pe\/ingles\/wp-json\/wp\/v2\/comments?post=4814"}],"version-history":[{"count":0,"href":"https:\/\/derechosinfronteras.pe\/ingles\/wp-json\/wp\/v2\/posts\/4814\/revisions"}],"wp:featuredmedia":[{"embeddable":true,"href":"https:\/\/derechosinfronteras.pe\/ingles\/wp-json\/wp\/v2\/media\/4331"}],"wp:attachment":[{"href":"https:\/\/derechosinfronteras.pe\/ingles\/wp-json\/wp\/v2\/media?parent=4814"}],"wp:term":[{"taxonomy":"category","embeddable":true,"href":"https:\/\/derechosinfronteras.pe\/ingles\/wp-json\/wp\/v2\/categories?post=4814"},{"taxonomy":"post_tag","embeddable":true,"href":"https:\/\/derechosinfronteras.pe\/ingles\/wp-json\/wp\/v2\/tags?post=4814"}],"curies":[{"name":"wp","href":"https:\/\/api.w.org\/{rel}","templated":true}]}}