{"id":4815,"date":"2017-11-22T19:00:15","date_gmt":"2017-11-23T00:00:15","guid":{"rendered":"http:\/\/derechosinfronteras.pe\/?p=3291"},"modified":"2017-11-22T19:00:15","modified_gmt":"2017-11-23T00:00:15","slug":"cusco-movilizacion-por-el-dia-internacional-por-la-eliminacion-de-la-violencia-contra-la-mujer","status":"publish","type":"post","link":"https:\/\/derechosinfronteras.pe\/ingles\/cusco-movilizacion-por-el-dia-internacional-por-la-eliminacion-de-la-violencia-contra-la-mujer\/","title":{"rendered":"Cusco: Movilizaci\u00f3n en el d\u00eda internacional por la eliminaci\u00f3n de la violencia contra la mujer"},"content":{"rendered":"<div class=\"fb-video\" data-allowfullscreen=\"true\" data-href=\"https:\/\/www.facebook.com\/derechossinfronteras.pe\/videos\/1451055791679611\/\" style=\"background-color: #fff; display: inline-block;\"><\/div>\n<p style=\"text-align: justify;\">Las cosas no han cambiado, y las cifras son claras: a nivel pa\u00eds, 10 feminicidios son registrados cada mes (sin toma en cuenta los casos que ocurren en las comunidades lejanas que no llega conocer el Estado). Dos de cada tres cusque\u00f1as ha sufrido violencia f\u00edsica de parte de alguna pareja. Cada d\u00eda, se registran m\u00e1s de 50 denuncias por violaci\u00f3n sexual. En Cusco, es una a dos violaciones cada d\u00eda. El acoso sexual en los centros de estudio, centros laborales, en las calles, en las casas, son pan de cada d\u00eda.<\/p>\n<p style=\"text-align: justify;\">Cada a\u00f1o, se suman m\u00e1s denuncias de mujeres por violencia psicol\u00f3gica, econ\u00f3mica, sexual, f\u00edsica de parte de sus parejas, ex parejas, familiares. En el 2017, salieron denuncias p\u00fablicas por violencia de g\u00e9nero contra profesores universitarios, directores de teatro famosos, responsables pol\u00edticos. Mientras eso, casos como los de Gabriela Guill\u00e9n, Yanet Mamani y Maribel Salas, entre otros, no progresan en el sentido de rendir la justicia debida y adecuada a las v\u00edctimas de violencia machista.<\/p>\n<p style=\"text-align: justify;\">Hartas de tanta violencia contra nosotras, las mujeres cusque\u00f1as, abanderadas detr\u00e1s del lema \u201cNi Una Menos\u201d, saldremos nuevamente a las calles a protestar. Nos concentraremos a las 3:30 pm en el parque de Mariscal Gamarra (detr\u00e1s de la loza deportiva, frente a la iglesia) este s\u00e1bado 25 de noviembre 2017 para exigir:<\/p>\n<ul>\n<li style=\"text-align: justify;\">Una educaci\u00f3n con enfoque de g\u00e9nero: lo \u00daNICO que permitir\u00e1 romper con los estereotipos de g\u00e9nero que sostienen la normalizaci\u00f3n de la violencia machista<\/li>\n<li style=\"text-align: justify;\">La regulaci\u00f3n de los contenidos en medios de comunicaci\u00f3n, que cosifican a las mujeres y normalizan la violencia machista<\/li>\n<li style=\"text-align: justify;\">Aumento del presupuesto p\u00fablico para el acojo de las v\u00edctimas de violencia dom\u00e9stica, antes que se vuelva feminicidio<\/li>\n<li style=\"text-align: justify;\">Formaci\u00f3n de los operadores de justicia al enfoque de g\u00e9nero, justicia inmediata y eficiente para las v\u00edctimas<\/li>\n<li style=\"text-align: justify;\">Erradicaci\u00f3n de las redes de trata de mujeres por explotaci\u00f3n laboral y sexual<\/li>\n<\/ul>","protected":false},"excerpt":{"rendered":"<p>Las cosas no han cambiado, y las cifras son claras: a nivel pa\u00eds, 10 feminicidios son registrados cada mes (sin toma en cuenta los casos que ocurren en las comunidades lejanas que no llega conocer el Estado). Dos de cada tres cusque\u00f1as ha sufrido violencia f\u00edsica de parte de alguna pareja. Cada d\u00eda, se registran [&hellip;]<\/p>\n","protected":false},"author":1,"featured_media":4816,"comment_status":"closed","ping_status":"open","sticky":false,"template":"","format":"standard","meta":{"_monsterinsights_skip_tracking":false,"_monsterinsights_sitenote_active":false,"_monsterinsights_sitenote_note":"","_monsterinsights_sitenote_category":0,"_jetpack_memberships_contains_paid_content":false,"footnotes":"","jetpack_publicize_message":"","jetpack_publicize_feature_enabled":true,"jetpack_social_post_already_shared":false,"jetpack_social_options":{"image_generator_settings":{"template":"highway","default_image_id":0,"font":"","enabled":false},"version":2}},"categories":[1],"tags":[],"class_list":["post-4815","post","type-post","status-publish","format-standard","has-post-thumbnail","hentry","category-sin-categoria"],"blocksy_meta":[],"jetpack_publicize_connections":[],"jetpack_featured_media_url":"https:\/\/derechosinfronteras.pe\/wp-content\/uploads\/2017\/11\/25N.jpg","jetpack_sharing_enabled":true,"jetpack_likes_enabled":true,"_links":{"self":[{"href":"https:\/\/derechosinfronteras.pe\/ingles\/wp-json\/wp\/v2\/posts\/4815","targetHints":{"allow":["GET"]}}],"collection":[{"href":"https:\/\/derechosinfronteras.pe\/ingles\/wp-json\/wp\/v2\/posts"}],"about":[{"href":"https:\/\/derechosinfronteras.pe\/ingles\/wp-json\/wp\/v2\/types\/post"}],"author":[{"embeddable":true,"href":"https:\/\/derechosinfronteras.pe\/ingles\/wp-json\/wp\/v2\/users\/1"}],"replies":[{"embeddable":true,"href":"https:\/\/derechosinfronteras.pe\/ingles\/wp-json\/wp\/v2\/comments?post=4815"}],"version-history":[{"count":0,"href":"https:\/\/derechosinfronteras.pe\/ingles\/wp-json\/wp\/v2\/posts\/4815\/revisions"}],"wp:featuredmedia":[{"embeddable":true,"href":"https:\/\/derechosinfronteras.pe\/ingles\/wp-json\/wp\/v2\/media\/4816"}],"wp:attachment":[{"href":"https:\/\/derechosinfronteras.pe\/ingles\/wp-json\/wp\/v2\/media?parent=4815"}],"wp:term":[{"taxonomy":"category","embeddable":true,"href":"https:\/\/derechosinfronteras.pe\/ingles\/wp-json\/wp\/v2\/categories?post=4815"},{"taxonomy":"post_tag","embeddable":true,"href":"https:\/\/derechosinfronteras.pe\/ingles\/wp-json\/wp\/v2\/tags?post=4815"}],"curies":[{"name":"wp","href":"https:\/\/api.w.org\/{rel}","templated":true}]}}