{"id":4819,"date":"2017-11-15T18:59:28","date_gmt":"2017-11-15T23:59:28","guid":{"rendered":"http:\/\/derechosinfronteras.pe\/?p=3279"},"modified":"2017-11-15T18:59:28","modified_gmt":"2017-11-15T23:59:28","slug":"cusco-red-de-observadores-de-la-minera-glencore-informara-sobre-el-actuar-de-la-empresa-en-latinoamerica","status":"publish","type":"post","link":"https:\/\/derechosinfronteras.pe\/ingles\/cusco-red-de-observadores-de-la-minera-glencore-informara-sobre-el-actuar-de-la-empresa-en-latinoamerica\/","title":{"rendered":"\u00a0Cusco: Red de Observadores de la minera Glencore informar\u00e1 sobre el actuar de la empresa en Latinoam\u00e9rica"},"content":{"rendered":"<p style=\"text-align: justify;\">El pr\u00f3ximo 20 de noviembre, desde las 9:00 a.m., en las instalaciones del Hotel Tambo, <strong>ubicado en calle Ayacucho 233, <\/strong>se presentar\u00e1 el <strong>\u2018Informe Sombra\u2019, <\/strong>documento que detalla las peligrosas pr\u00e1cticas de contaminaci\u00f3n, afectaci\u00f3n a la salud humana y violaci\u00f3n de derechos humanos de la empresa minera Glencore en los territorios en los que tiene proyectos extractivos como Colombia, Bolivia, Argentina y Per\u00fa, en nuestro pa\u00eds la empresa tiene actividad en la provincia de Espinar.<\/p>\n<p style=\"text-align: justify;\"><strong>La presentaci\u00f3n se realiza en un contexto en el que Glencore sigue siendo cuestionada en la provincia de Espinar por la vulneraci\u00f3n de derechos humanos<\/strong>, una situaci\u00f3n que ha llegado hasta las salas judiciales de Londres donde se denuncia el caso de dirigentes asesinados y heridos en el conflicto de Espinar en el a\u00f1o 2012.<\/p>\n<p style=\"text-align: justify;\"><strong>La Red Sombra est\u00e1 constituida por diferentes organizaciones de Am\u00e9rica Latina y Europa, en el caso del Cusco es la Asociaci\u00f3n Derechos Humanos Sin Fronteras<\/strong> (DHSF) la que integra esta red, la cual tiene como objetivo realizar un seguimiento del accionar de la transnacional minera Glencore e impulsar acciones de incidencia y propuestas, que contribuyen a la defensa de los derechos de los pueblos y territorios impactados por la actividad minera de esa compa\u00f1\u00eda.<\/p>\n<p style=\"text-align: justify;\">El <strong>\u201cInforme Sombra\u201d<\/strong> tambi\u00e9n fue presentado en pa\u00edses como\u00a0<strong>Alemania, Suiza y\u00a0Bolivia<\/strong>. El objetivo de estas presentaciones es denunciar a Glencore y generar presi\u00f3n en los gobiernos y estados donde ella opera, pero tambi\u00e9n en sus sedes y a los bancos que la financian, para que se conozcan en detalle las pr\u00e1cticas corporativas de esa compa\u00f1\u00eda minera.<\/p>","protected":false},"excerpt":{"rendered":"<p>El pr\u00f3ximo 20 de noviembre, desde las 9:00 a.m., en las instalaciones del Hotel Tambo, ubicado en calle Ayacucho 233, se presentar\u00e1 el \u2018Informe Sombra\u2019, documento que detalla las peligrosas pr\u00e1cticas de contaminaci\u00f3n, afectaci\u00f3n a la salud humana y violaci\u00f3n de derechos humanos de la empresa minera Glencore en los territorios en los que tiene [&hellip;]<\/p>\n","protected":false},"author":1,"featured_media":4820,"comment_status":"closed","ping_status":"open","sticky":false,"template":"","format":"standard","meta":{"_monsterinsights_skip_tracking":false,"_monsterinsights_sitenote_active":false,"_monsterinsights_sitenote_note":"","_monsterinsights_sitenote_category":0,"_jetpack_memberships_contains_paid_content":false,"footnotes":"","jetpack_publicize_message":"","jetpack_publicize_feature_enabled":true,"jetpack_social_post_already_shared":false,"jetpack_social_options":{"image_generator_settings":{"template":"highway","default_image_id":0,"font":"","enabled":false},"version":2}},"categories":[1],"tags":[],"class_list":["post-4819","post","type-post","status-publish","format-standard","has-post-thumbnail","hentry","category-sin-categoria"],"blocksy_meta":[],"jetpack_publicize_connections":[],"jetpack_featured_media_url":"https:\/\/derechosinfronteras.pe\/wp-content\/uploads\/2017\/11\/Flyer-Informe-Sombra-e1510790122777.jpg","jetpack_sharing_enabled":true,"jetpack_likes_enabled":true,"_links":{"self":[{"href":"https:\/\/derechosinfronteras.pe\/ingles\/wp-json\/wp\/v2\/posts\/4819","targetHints":{"allow":["GET"]}}],"collection":[{"href":"https:\/\/derechosinfronteras.pe\/ingles\/wp-json\/wp\/v2\/posts"}],"about":[{"href":"https:\/\/derechosinfronteras.pe\/ingles\/wp-json\/wp\/v2\/types\/post"}],"author":[{"embeddable":true,"href":"https:\/\/derechosinfronteras.pe\/ingles\/wp-json\/wp\/v2\/users\/1"}],"replies":[{"embeddable":true,"href":"https:\/\/derechosinfronteras.pe\/ingles\/wp-json\/wp\/v2\/comments?post=4819"}],"version-history":[{"count":0,"href":"https:\/\/derechosinfronteras.pe\/ingles\/wp-json\/wp\/v2\/posts\/4819\/revisions"}],"wp:featuredmedia":[{"embeddable":true,"href":"https:\/\/derechosinfronteras.pe\/ingles\/wp-json\/wp\/v2\/media\/4820"}],"wp:attachment":[{"href":"https:\/\/derechosinfronteras.pe\/ingles\/wp-json\/wp\/v2\/media?parent=4819"}],"wp:term":[{"taxonomy":"category","embeddable":true,"href":"https:\/\/derechosinfronteras.pe\/ingles\/wp-json\/wp\/v2\/categories?post=4819"},{"taxonomy":"post_tag","embeddable":true,"href":"https:\/\/derechosinfronteras.pe\/ingles\/wp-json\/wp\/v2\/tags?post=4819"}],"curies":[{"name":"wp","href":"https:\/\/api.w.org\/{rel}","templated":true}]}}