{"id":4821,"date":"2017-11-15T17:00:07","date_gmt":"2017-11-15T22:00:07","guid":{"rendered":"http:\/\/derechosinfronteras.pe\/?p=3273"},"modified":"2017-11-15T17:00:07","modified_gmt":"2017-11-15T22:00:07","slug":"dictaduras-nunca-mas-defendamos-la-democracia-sin-mafias-ni-corrupcion","status":"publish","type":"post","link":"https:\/\/derechosinfronteras.pe\/ingles\/dictaduras-nunca-mas-defendamos-la-democracia-sin-mafias-ni-corrupcion\/","title":{"rendered":"Dictaduras NUNCA MAS: Defendamos la democracia, sin mafias ni corrupci\u00f3n"},"content":{"rendered":"<h6 style=\"text-align: right;\">\u00a0Foto: Ivan Cucho<\/h6>\n<p style=\"text-align: justify;\">Frente a la reciente aprobaci\u00f3n de la acusaci\u00f3n contra el Fiscal de la Naci\u00f3n en el Congreso de la Rep\u00fablica, la Coordinadora Nacional de Derechos Humanos se\u00f1ala lo siguiente:<\/p>\n<ul>\n<li style=\"text-align: justify;\">Denunciamos una estrategia de dictadura congresal en marcha. El asedio y presi\u00f3n que desde el Congreso de la Rep\u00fablica se ejerce contra la Fiscal\u00eda de la Naci\u00f3n, el Tribunal Constitucional y \u00faltimamente contra la prensa independiente, ponen en evidencia el verdadero rostro del autoritarismo en el Per\u00fa, que tiene como principal operador a la bancada Fujimorista del Congreso.<\/li>\n<li style=\"text-align: justify;\">La aprobaci\u00f3n de la acusaci\u00f3n constitucional contra el Fiscal de la Naci\u00f3n por parte de la bancada fujimorista en el Congreso de la Rep\u00fablica, realizada el d\u00eda de hoy 15 de noviembre, es nuevamente un grave ataque a la democracia y nos demuestra que estamos encaminados hacia una nueva forma de dictadura parlamentaria, en la cual se vienen asediando y copando los poderes del Estado y organismos constitucionalmente aut\u00f3nomos.<\/li>\n<li style=\"text-align: justify;\">Hacemos un llamado urgente a la ciudadan\u00eda para defender nuestra fr\u00e1gil democracia y sus instituciones de los golpes de la mafia y la corrupci\u00f3n, iniciados a ra\u00edz de las investigaciones sobre corrupci\u00f3n en donde se acaba de comprometer a Alan Garc\u00eda, Keiko Fujimori y al propio Presidente de la Rep\u00fablica. Es imperativo empezar a organizarnos y promover en todas las regiones de nuestro pa\u00eds espacios de articulaci\u00f3n que enfrenten y detengan los peligros del regreso del autoritarismo en el Per\u00fa, y m\u00e1s a\u00fan, de las investigaciones en el caso de corrupci\u00f3n m\u00e1s grande luego del Golpe de Estado de 1992. Nos cost\u00f3 mucho derrocar a la dictadura, 17 a\u00f1os despu\u00e9s no podemos volver a esta.<\/li>\n<\/ul>\n<p style=\"text-align: right;\">Lima, 15 de noviembre de 2017<\/p>","protected":false},"excerpt":{"rendered":"<p>\u00a0Foto: Ivan Cucho Frente a la reciente aprobaci\u00f3n de la acusaci\u00f3n contra el Fiscal de la Naci\u00f3n en el Congreso de la Rep\u00fablica, la Coordinadora Nacional de Derechos Humanos se\u00f1ala lo siguiente: Denunciamos una estrategia de dictadura congresal en marcha. El asedio y presi\u00f3n que desde el Congreso de la Rep\u00fablica se ejerce contra la [&hellip;]<\/p>\n","protected":false},"author":1,"featured_media":4771,"comment_status":"closed","ping_status":"open","sticky":false,"template":"","format":"standard","meta":{"_monsterinsights_skip_tracking":false,"_monsterinsights_sitenote_active":false,"_monsterinsights_sitenote_note":"","_monsterinsights_sitenote_category":0,"_jetpack_memberships_contains_paid_content":false,"footnotes":"","jetpack_publicize_message":"","jetpack_publicize_feature_enabled":true,"jetpack_social_post_already_shared":false,"jetpack_social_options":{"image_generator_settings":{"template":"highway","default_image_id":0,"font":"","enabled":false},"version":2}},"categories":[1],"tags":[],"class_list":["post-4821","post","type-post","status-publish","format-standard","has-post-thumbnail","hentry","category-sin-categoria"],"blocksy_meta":[],"jetpack_publicize_connections":[],"jetpack_featured_media_url":"https:\/\/derechosinfronteras.pe\/wp-content\/uploads\/2017\/11\/Dictadura-Nunca-Mas.jpg","jetpack_sharing_enabled":true,"jetpack_likes_enabled":true,"_links":{"self":[{"href":"https:\/\/derechosinfronteras.pe\/ingles\/wp-json\/wp\/v2\/posts\/4821","targetHints":{"allow":["GET"]}}],"collection":[{"href":"https:\/\/derechosinfronteras.pe\/ingles\/wp-json\/wp\/v2\/posts"}],"about":[{"href":"https:\/\/derechosinfronteras.pe\/ingles\/wp-json\/wp\/v2\/types\/post"}],"author":[{"embeddable":true,"href":"https:\/\/derechosinfronteras.pe\/ingles\/wp-json\/wp\/v2\/users\/1"}],"replies":[{"embeddable":true,"href":"https:\/\/derechosinfronteras.pe\/ingles\/wp-json\/wp\/v2\/comments?post=4821"}],"version-history":[{"count":0,"href":"https:\/\/derechosinfronteras.pe\/ingles\/wp-json\/wp\/v2\/posts\/4821\/revisions"}],"wp:featuredmedia":[{"embeddable":true,"href":"https:\/\/derechosinfronteras.pe\/ingles\/wp-json\/wp\/v2\/media\/4771"}],"wp:attachment":[{"href":"https:\/\/derechosinfronteras.pe\/ingles\/wp-json\/wp\/v2\/media?parent=4821"}],"wp:term":[{"taxonomy":"category","embeddable":true,"href":"https:\/\/derechosinfronteras.pe\/ingles\/wp-json\/wp\/v2\/categories?post=4821"},{"taxonomy":"post_tag","embeddable":true,"href":"https:\/\/derechosinfronteras.pe\/ingles\/wp-json\/wp\/v2\/tags?post=4821"}],"curies":[{"name":"wp","href":"https:\/\/api.w.org\/{rel}","templated":true}]}}