{"id":4822,"date":"2017-11-15T11:24:02","date_gmt":"2017-11-15T16:24:02","guid":{"rendered":"http:\/\/derechosinfronteras.pe\/?p=3264"},"modified":"2017-11-15T11:24:02","modified_gmt":"2017-11-15T16:24:02","slug":"pcm-se-compromete-a-realizar-reunion-de-trabajo-en-espinar","status":"publish","type":"post","link":"https:\/\/derechosinfronteras.pe\/ingles\/pcm-se-compromete-a-realizar-reunion-de-trabajo-en-espinar\/","title":{"rendered":"PCM se compromete a realizar reuni\u00f3n de trabajo en Espinar"},"content":{"rendered":"<h6 style=\"text-align: right;\">Foto: La Rep\u00fablica<\/h6>\n<p style=\"text-align: justify;\">15 de noviembre.- Ayer, en las instalaciones de la PCM en la ciudad capital, se desarroll\u00f3 una reuni\u00f3n entre autoridades de la provincia de Espinar, dirigentes de organizaciones sociales de base, alcaldes distritales, congresistas del Cusco y el Gobernador Regional de Cusco, Edwin Licona junto a la Presidenta del Consejo de Ministros, Mercedes Araoz, y el Vicepresidente de la Rep\u00fablica.<\/p>\n<p style=\"text-align: justify;\">El primer acuerdo es que el viernes 17, d\u00eda de la celebraci\u00f3n del centenario de Espinar, el Ministro de Transportes y Comunicaciones, Bruno Giuffra, visitar\u00e1 la provincia cusque\u00f1a, para brindar informaci\u00f3n sobre los avances de los\u00a0compromisos pendientes mencionados durante la reuni\u00f3n de ayer. Por otro lado, se acord\u00f3 que para la pr\u00f3xima semana, la Ministra de Desarrollo e Inclusi\u00f3n Social,Fiorella Mollinelli, tambi\u00e9n visite Espinar.<\/p>\n<p style=\"text-align: justify;\">Uno de los principales acuerdos fue que para el 04 de diciembre, se llevar\u00e1 a cabo la reuni\u00f3n del <strong>Comit\u00e9 de Seguimiento del Plan Espinar<\/strong>. Este espacio, iniciar\u00e1 a las 10:00 a.m. en Espinar y tendr\u00e1 como objetivo revisar el estatus de cada uno de los proyectos comprometidos con prioridad de los temas de Salud, Inclusi\u00f3n Social, y Afianzamiento H\u00eddrico del r\u00edo Apur\u00edmac, el proyecto de agua alcantarillado y el reinicio de renegociaci\u00f3n del Convenio Marco.<\/p>\n<p style=\"text-align: justify;\">Durante la reuni\u00f3n, los representantes de Sociedad Civil solicitaron el expediente t\u00e9cnico del Proyecto Majes Siguas II, una iniciativa que podr\u00eda desabastecerlos de sus recursos h\u00eddricos.<\/p>\n<p style=\"text-align: justify;\">Al concluir la cita los asistentes suscribieron el acta, en el que el Gobierno se comprometo a brindar informaci\u00f3n peri\u00f3dica sobre los avances de todos los acuerdos.<\/p>\n<figure id=\"attachment_3270\" aria-describedby=\"caption-attachment-3270\" style=\"width: 720px\" class=\"wp-caption aligncenter\"><img fetchpriority=\"high\" decoding=\"async\" class=\"wp-image-3270 size-full\" src=\"http:\/\/derechosinfronteras.pe\/wp-content\/uploads\/2017\/11\/WhatsApp-Image-2017-11-15-at-9.50.49-AM.jpeg\" alt=\"\" width=\"720\" height=\"960\" \/><figcaption id=\"caption-attachment-3270\" class=\"wp-caption-text\">Acta de Acuerdos firmada por los asistentes a la reuni\u00f3n entre autoridades de Espinar y Cusco, y representantes de la PCM<\/figcaption><\/figure>\n<p>&nbsp;<\/p>\n<p>&nbsp;<\/p>","protected":false},"excerpt":{"rendered":"<p>Foto: La Rep\u00fablica 15 de noviembre.- Ayer, en las instalaciones de la PCM en la ciudad capital, se desarroll\u00f3 una reuni\u00f3n entre autoridades de la provincia de Espinar, dirigentes de organizaciones sociales de base, alcaldes distritales, congresistas del Cusco y el Gobernador Regional de Cusco, Edwin Licona junto a la Presidenta del Consejo de Ministros, [&hellip;]<\/p>\n","protected":false},"author":1,"featured_media":4823,"comment_status":"closed","ping_status":"open","sticky":false,"template":"","format":"standard","meta":{"_monsterinsights_skip_tracking":false,"_monsterinsights_sitenote_active":false,"_monsterinsights_sitenote_note":"","_monsterinsights_sitenote_category":0,"_jetpack_memberships_contains_paid_content":false,"footnotes":"","jetpack_publicize_message":"","jetpack_publicize_feature_enabled":true,"jetpack_social_post_already_shared":false,"jetpack_social_options":{"image_generator_settings":{"template":"highway","default_image_id":0,"font":"","enabled":false},"version":2}},"categories":[1],"tags":[],"class_list":["post-4822","post","type-post","status-publish","format-standard","has-post-thumbnail","hentry","category-sin-categoria"],"blocksy_meta":[],"jetpack_publicize_connections":[],"jetpack_featured_media_url":"https:\/\/derechosinfronteras.pe\/wp-content\/uploads\/2017\/11\/Reunion-en-Espinar.jpg","jetpack_sharing_enabled":true,"jetpack_likes_enabled":true,"_links":{"self":[{"href":"https:\/\/derechosinfronteras.pe\/ingles\/wp-json\/wp\/v2\/posts\/4822","targetHints":{"allow":["GET"]}}],"collection":[{"href":"https:\/\/derechosinfronteras.pe\/ingles\/wp-json\/wp\/v2\/posts"}],"about":[{"href":"https:\/\/derechosinfronteras.pe\/ingles\/wp-json\/wp\/v2\/types\/post"}],"author":[{"embeddable":true,"href":"https:\/\/derechosinfronteras.pe\/ingles\/wp-json\/wp\/v2\/users\/1"}],"replies":[{"embeddable":true,"href":"https:\/\/derechosinfronteras.pe\/ingles\/wp-json\/wp\/v2\/comments?post=4822"}],"version-history":[{"count":0,"href":"https:\/\/derechosinfronteras.pe\/ingles\/wp-json\/wp\/v2\/posts\/4822\/revisions"}],"wp:featuredmedia":[{"embeddable":true,"href":"https:\/\/derechosinfronteras.pe\/ingles\/wp-json\/wp\/v2\/media\/4823"}],"wp:attachment":[{"href":"https:\/\/derechosinfronteras.pe\/ingles\/wp-json\/wp\/v2\/media?parent=4822"}],"wp:term":[{"taxonomy":"category","embeddable":true,"href":"https:\/\/derechosinfronteras.pe\/ingles\/wp-json\/wp\/v2\/categories?post=4822"},{"taxonomy":"post_tag","embeddable":true,"href":"https:\/\/derechosinfronteras.pe\/ingles\/wp-json\/wp\/v2\/tags?post=4822"}],"curies":[{"name":"wp","href":"https:\/\/api.w.org\/{rel}","templated":true}]}}