{"id":4825,"date":"2017-11-14T17:52:38","date_gmt":"2017-11-14T22:52:38","guid":{"rendered":"http:\/\/derechosinfronteras.pe\/?p=3258"},"modified":"2017-11-14T17:52:38","modified_gmt":"2017-11-14T22:52:38","slug":"londres-dirigentes-espinarenses-denuncian-a-transnacional-glencore","status":"publish","type":"post","link":"https:\/\/derechosinfronteras.pe\/ingles\/londres-dirigentes-espinarenses-denuncian-a-transnacional-glencore\/","title":{"rendered":"Londres: Dirigentes espinarenses denuncian a transnacional \u2018Glencore\u2019"},"content":{"rendered":"<p style=\"text-align: right;\">Foto: LaMula.pe<\/p>\n<p style=\"text-align: justify;\">Londres. En los \u00faltimos d\u00edas de octubre dio inicio el juicio de 22 comuneros de la provincia cusque\u00f1a de Espinar contra la transnacional \u2018Glencore\u2019, que\u00a0actualmente tiene su proyecto minero Antapaccay en la zona.<\/p>\n<p style=\"text-align: justify;\">La raz\u00f3n del proceso son las violaciones de\u00a0<strong style=\"font-style: inherit;\">derechos humanos <\/strong>realizados por la Polic\u00eda Nacional durante las protestas en Espinar, en mayo del 2012. Los denunciantes solicitan a la corte inglesa una compensaci\u00f3n por los da\u00f1os personales que sufrieron. Dos de los agraviados son familiares de las personas que fallecieron durante las protestas. Cabe se\u00f1alar que ning\u00fan polic\u00eda est\u00e1 siendo procesado judicialmente.<\/p>\n<p style=\"text-align: justify;\">La revelaci\u00f3n que ha hecho \u2018Leigh Day\u2019, abogados defensores, son los correos electr\u00f3nicos de\u00a0<strong style=\"font-style: inherit;\">Xstrata, <\/strong>que\u00a0evidencian que Charlie Sartain, uno de los principales directores de Glencore, le propuso al director de Am\u00e9rica del Sur un \u201cacercamiento directo, proactivo y fuerte\u201d para afrontar las protestas. En otro de los correos, Sartain se refiere a los protestantes como \u2018hijos de puta\u2019<\/p>\n<p style=\"text-align: justify;\">Con los documentos presentados como medios probatorios, adem\u00e1s de las denuncias de los convenios entre la PNP y la empresa minera avalados por el gobierno, los dirigentes\u00a0 y abogados esperan que la Corte Inglesa les de la raz\u00f3n y sancione a Glencore por las violaciones de derechos fundamentales a las y los comuneros de Espinar.<\/p>\n<div class=\"fb-video\" data-allowfullscreen=\"true\" data-href=\"https:\/\/www.facebook.com\/derechossinfronteras.pe\/videos\/1442550309196826\/\" style=\"background-color: #fff; display: inline-block;\"><\/div>\n<p>&nbsp;<\/p>","protected":false},"excerpt":{"rendered":"<p>Foto: LaMula.pe Londres. En los \u00faltimos d\u00edas de octubre dio inicio el juicio de 22 comuneros de la provincia cusque\u00f1a de Espinar contra la transnacional \u2018Glencore\u2019, que\u00a0actualmente tiene su proyecto minero Antapaccay en la zona. La raz\u00f3n del proceso son las violaciones de\u00a0derechos humanos realizados por la Polic\u00eda Nacional durante las protestas en Espinar, en [&hellip;]<\/p>\n","protected":false},"author":1,"featured_media":4826,"comment_status":"closed","ping_status":"open","sticky":false,"template":"","format":"standard","meta":{"_monsterinsights_skip_tracking":false,"_monsterinsights_sitenote_active":false,"_monsterinsights_sitenote_note":"","_monsterinsights_sitenote_category":0,"_jetpack_memberships_contains_paid_content":false,"footnotes":"","jetpack_publicize_message":"","jetpack_publicize_feature_enabled":true,"jetpack_social_post_already_shared":false,"jetpack_social_options":{"image_generator_settings":{"template":"highway","default_image_id":0,"font":"","enabled":false},"version":2}},"categories":[1],"tags":[],"class_list":["post-4825","post","type-post","status-publish","format-standard","has-post-thumbnail","hentry","category-sin-categoria"],"blocksy_meta":[],"jetpack_publicize_connections":[],"jetpack_featured_media_url":"https:\/\/derechosinfronteras.pe\/wp-content\/uploads\/2017\/11\/Glencore-Londres.jpg","jetpack_sharing_enabled":true,"jetpack_likes_enabled":true,"_links":{"self":[{"href":"https:\/\/derechosinfronteras.pe\/ingles\/wp-json\/wp\/v2\/posts\/4825","targetHints":{"allow":["GET"]}}],"collection":[{"href":"https:\/\/derechosinfronteras.pe\/ingles\/wp-json\/wp\/v2\/posts"}],"about":[{"href":"https:\/\/derechosinfronteras.pe\/ingles\/wp-json\/wp\/v2\/types\/post"}],"author":[{"embeddable":true,"href":"https:\/\/derechosinfronteras.pe\/ingles\/wp-json\/wp\/v2\/users\/1"}],"replies":[{"embeddable":true,"href":"https:\/\/derechosinfronteras.pe\/ingles\/wp-json\/wp\/v2\/comments?post=4825"}],"version-history":[{"count":0,"href":"https:\/\/derechosinfronteras.pe\/ingles\/wp-json\/wp\/v2\/posts\/4825\/revisions"}],"wp:featuredmedia":[{"embeddable":true,"href":"https:\/\/derechosinfronteras.pe\/ingles\/wp-json\/wp\/v2\/media\/4826"}],"wp:attachment":[{"href":"https:\/\/derechosinfronteras.pe\/ingles\/wp-json\/wp\/v2\/media?parent=4825"}],"wp:term":[{"taxonomy":"category","embeddable":true,"href":"https:\/\/derechosinfronteras.pe\/ingles\/wp-json\/wp\/v2\/categories?post=4825"},{"taxonomy":"post_tag","embeddable":true,"href":"https:\/\/derechosinfronteras.pe\/ingles\/wp-json\/wp\/v2\/tags?post=4825"}],"curies":[{"name":"wp","href":"https:\/\/api.w.org\/{rel}","templated":true}]}}