{"id":4829,"date":"2017-11-13T13:10:44","date_gmt":"2017-11-13T18:10:44","guid":{"rendered":"http:\/\/derechosinfronteras.pe\/?p=3249"},"modified":"2017-11-13T13:10:44","modified_gmt":"2017-11-13T18:10:44","slug":"glencore-aumentara-su-participacion-en-volcan-compania-minera","status":"publish","type":"post","link":"https:\/\/derechosinfronteras.pe\/ingles\/glencore-aumentara-su-participacion-en-volcan-compania-minera\/","title":{"rendered":"&#8216;Glencore&#8217; aumentar\u00e1 su participaci\u00f3n en Volcan Compa\u00f1\u00eda Minera"},"content":{"rendered":"<p>&nbsp;<\/p>\n<p style=\"text-align: justify;\">Glencore, el gigante del negocio de las materias primas basado en Suiza, se hizo con la mayor\u00eda de las acciones con derecho a voto de la sociedad peruana Volcan Compa\u00f1\u00eda Minera, anunci\u00f3 la empresa este lunes. Glencore hab\u00eda lanzado a principios de octubre una oferta de compra a 1,215 d\u00f3lares por acci\u00f3n de tipo A.<\/p>\n<p style=\"text-align: justify;\">Al t\u00e9rmino de la oferta Glencore adquiri\u00f3 36.92% de las acciones A, por lo cual ahora dispone del 55.03% de este tipo de acciones y el poder en la empresa, indic\u00f3 en un comunicado. Si se toman en cuenta las acciones de tipo B, sin derecho de voto, Glencore es propietario del 23.92% del capital.<\/p>\n<p style=\"text-align: justify;\">La operaci\u00f3n cost\u00f3 734 millones de d\u00f3lares. Volcan Compa\u00f1\u00eda Minera est\u00e1 especializada en la extracci\u00f3n de zinc, plomo y plata. (Fuente: AFP \u2013 Difundido en Per\u00fa por Diario Gesti\u00f3n)<\/p>","protected":false},"excerpt":{"rendered":"<p>&nbsp; Glencore, el gigante del negocio de las materias primas basado en Suiza, se hizo con la mayor\u00eda de las acciones con derecho a voto de la sociedad peruana Volcan Compa\u00f1\u00eda Minera, anunci\u00f3 la empresa este lunes. Glencore hab\u00eda lanzado a principios de octubre una oferta de compra a 1,215 d\u00f3lares por acci\u00f3n de tipo [&hellip;]<\/p>\n","protected":false},"author":1,"featured_media":4830,"comment_status":"closed","ping_status":"open","sticky":false,"template":"","format":"standard","meta":{"_monsterinsights_skip_tracking":false,"_monsterinsights_sitenote_active":false,"_monsterinsights_sitenote_note":"","_monsterinsights_sitenote_category":0,"_jetpack_memberships_contains_paid_content":false,"footnotes":"","jetpack_publicize_message":"","jetpack_publicize_feature_enabled":true,"jetpack_social_post_already_shared":false,"jetpack_social_options":{"image_generator_settings":{"template":"highway","default_image_id":0,"font":"","enabled":false},"version":2}},"categories":[1],"tags":[],"class_list":["post-4829","post","type-post","status-publish","format-standard","has-post-thumbnail","hentry","category-sin-categoria"],"blocksy_meta":[],"jetpack_publicize_connections":[],"jetpack_featured_media_url":"https:\/\/derechosinfronteras.pe\/wp-content\/uploads\/2017\/11\/Glencore-e1510596599516.jpeg","jetpack_sharing_enabled":true,"jetpack_likes_enabled":true,"_links":{"self":[{"href":"https:\/\/derechosinfronteras.pe\/ingles\/wp-json\/wp\/v2\/posts\/4829","targetHints":{"allow":["GET"]}}],"collection":[{"href":"https:\/\/derechosinfronteras.pe\/ingles\/wp-json\/wp\/v2\/posts"}],"about":[{"href":"https:\/\/derechosinfronteras.pe\/ingles\/wp-json\/wp\/v2\/types\/post"}],"author":[{"embeddable":true,"href":"https:\/\/derechosinfronteras.pe\/ingles\/wp-json\/wp\/v2\/users\/1"}],"replies":[{"embeddable":true,"href":"https:\/\/derechosinfronteras.pe\/ingles\/wp-json\/wp\/v2\/comments?post=4829"}],"version-history":[{"count":0,"href":"https:\/\/derechosinfronteras.pe\/ingles\/wp-json\/wp\/v2\/posts\/4829\/revisions"}],"wp:featuredmedia":[{"embeddable":true,"href":"https:\/\/derechosinfronteras.pe\/ingles\/wp-json\/wp\/v2\/media\/4830"}],"wp:attachment":[{"href":"https:\/\/derechosinfronteras.pe\/ingles\/wp-json\/wp\/v2\/media?parent=4829"}],"wp:term":[{"taxonomy":"category","embeddable":true,"href":"https:\/\/derechosinfronteras.pe\/ingles\/wp-json\/wp\/v2\/categories?post=4829"},{"taxonomy":"post_tag","embeddable":true,"href":"https:\/\/derechosinfronteras.pe\/ingles\/wp-json\/wp\/v2\/tags?post=4829"}],"curies":[{"name":"wp","href":"https:\/\/api.w.org\/{rel}","templated":true}]}}