{"id":4831,"date":"2017-11-09T16:54:37","date_gmt":"2017-11-09T21:54:37","guid":{"rendered":"http:\/\/derechosinfronteras.pe\/?p=3245"},"modified":"2017-11-09T16:54:37","modified_gmt":"2017-11-09T21:54:37","slug":"yonosoyjacinta-piden-firmas-para-exigir-que-pelicula-de-la-paisana-jacinta-no-llegue-a-los-cines","status":"publish","type":"post","link":"https:\/\/derechosinfronteras.pe\/ingles\/yonosoyjacinta-piden-firmas-para-exigir-que-pelicula-de-la-paisana-jacinta-no-llegue-a-los-cines\/","title":{"rendered":"#YoNoSoyJacinta: Piden firmas para exigir que pel\u00edcula de la &#8216;Paisana Jacinta&#8217; no llegue a los cines"},"content":{"rendered":"<p style=\"text-align: justify;\">En las pr\u00f3ximas semanas se estrenar\u00eda en nuestro pa\u00eds la pel\u00edcula cuyo protagonista es el cuestionado personaje de la <strong>&#8216;Paisana Jacinta&#8217;<\/strong>, quien es interpretada por <strong>Jorge Benavides<\/strong>. A pesar que muchas organizaciones de sociedad civil y mujeres andinas se han pronunciado en contra de este personaje por reforzar prejuicios, estereotipos y el racismo, el c\u00f3mico y una serie de empresas han continuado con la iniciativa cineasta. A poco tiempo de estrenarse han iniciado una simb\u00f3lica campa\u00f1a para pedirle a las cadenas de cine a nivel nacional no acepten proyectar la pel\u00edcula. En las siguientes l\u00edneas reproducimos la carta elaborada por <strong>Wilfredo Ardito Vega<\/strong>, reconocido profesional que a lo largo de su vida a cuestionado las diferentes manifestaciones de discriminaci\u00f3n y racismo en nuestro pa\u00eds:<\/p>\n<p>&nbsp;<\/p>\n<p><strong>Se\u00f1ores\u00a0<\/strong><br \/>\n<strong>CINEMARK<\/strong><\/p>\n<p style=\"text-align: justify;\">Los abajo firmantes expresamos nuestro hondo rechazo a la presentaci\u00f3n de la pel\u00edcula sobre La Paisana Jacinta en los cines de la cadena CINEMARK ubicados en el Per\u00fa.<\/p>\n<p style=\"text-align: justify;\">Como muchas otras personas, rechazamos el personaje caracterizado por Jorge Benavides debido a su contenido racista. El Ministerio de Cultura ha emitido varios pronunciamientos al respecto as\u00ed como el Comit\u00e9 de las Naciones Unidas contra la Discriminaci\u00f3n Racial. Actualmente, existen tres procesos penales y constitucionales abiertos en Lima, Cusco y Puno contra Jorge Benavides. La Paisana Jacinta ha generado protestas en diversos lugares del pa\u00eds.<\/p>\n<p style=\"text-align: justify;\">La defensa del director Adolfo Aguilar frente a las cr\u00edticas son risibles: \u00e9l sostiene que se trata de un personaje ficticio, pero la verdad es que se reproducen los peores estereotipos sobre la mujer andina, present\u00e1ndola como un ser vulgar y grotesco. En colegios, centros laborales y en la calle, todos los d\u00edas se usa el personaje para realizar bullying. Si el humor racista siempre es cuestionable, es mucho peor cuando se trata de burlarse de personas vulnerables, como las mujeres andinas, permanentes v\u00edctimas del racismo y la violencia.<\/p>\n<p style=\"text-align: justify;\">Ante este panorama, les invocamos a suspender las emisiones de La Paisana Jacinta previstas para comenzar el jueves 23 de noviembre. Una marca con el prestigio de CINEMARK no puede ir asociada a un espect\u00e1culo racista.<\/p>\n<p style=\"text-align: justify;\">\n<p style=\"text-align: justify;\">Si quieres unirte a la iniciativa, deja tus datos en el post original de Ardito:<\/p>\n<div class=\"fb-post\" data-href=\"https:\/\/www.facebook.com\/wilfredo.arditovega\/posts\/10214894366979776?pnref=story\" data-width=\"552\" style=\"background-color: #fff; display: inline-block;\"><\/div>","protected":false},"excerpt":{"rendered":"<p>En las pr\u00f3ximas semanas se estrenar\u00eda en nuestro pa\u00eds la pel\u00edcula cuyo protagonista es el cuestionado personaje de la &#8216;Paisana Jacinta&#8217;, quien es interpretada por Jorge Benavides. A pesar que muchas organizaciones de sociedad civil y mujeres andinas se han pronunciado en contra de este personaje por reforzar prejuicios, estereotipos y el racismo, el c\u00f3mico [&hellip;]<\/p>\n","protected":false},"author":1,"featured_media":4832,"comment_status":"closed","ping_status":"open","sticky":false,"template":"","format":"standard","meta":{"_monsterinsights_skip_tracking":false,"_monsterinsights_sitenote_active":false,"_monsterinsights_sitenote_note":"","_monsterinsights_sitenote_category":0,"_jetpack_memberships_contains_paid_content":false,"footnotes":"","jetpack_publicize_message":"","jetpack_publicize_feature_enabled":true,"jetpack_social_post_already_shared":false,"jetpack_social_options":{"image_generator_settings":{"template":"highway","default_image_id":0,"font":"","enabled":false},"version":2}},"categories":[1],"tags":[],"class_list":["post-4831","post","type-post","status-publish","format-standard","has-post-thumbnail","hentry","category-sin-categoria"],"blocksy_meta":[],"jetpack_publicize_connections":[],"jetpack_featured_media_url":"https:\/\/derechosinfronteras.pe\/wp-content\/uploads\/2017\/11\/Jacinta.jpg","jetpack_sharing_enabled":true,"jetpack_likes_enabled":true,"_links":{"self":[{"href":"https:\/\/derechosinfronteras.pe\/ingles\/wp-json\/wp\/v2\/posts\/4831","targetHints":{"allow":["GET"]}}],"collection":[{"href":"https:\/\/derechosinfronteras.pe\/ingles\/wp-json\/wp\/v2\/posts"}],"about":[{"href":"https:\/\/derechosinfronteras.pe\/ingles\/wp-json\/wp\/v2\/types\/post"}],"author":[{"embeddable":true,"href":"https:\/\/derechosinfronteras.pe\/ingles\/wp-json\/wp\/v2\/users\/1"}],"replies":[{"embeddable":true,"href":"https:\/\/derechosinfronteras.pe\/ingles\/wp-json\/wp\/v2\/comments?post=4831"}],"version-history":[{"count":0,"href":"https:\/\/derechosinfronteras.pe\/ingles\/wp-json\/wp\/v2\/posts\/4831\/revisions"}],"wp:featuredmedia":[{"embeddable":true,"href":"https:\/\/derechosinfronteras.pe\/ingles\/wp-json\/wp\/v2\/media\/4832"}],"wp:attachment":[{"href":"https:\/\/derechosinfronteras.pe\/ingles\/wp-json\/wp\/v2\/media?parent=4831"}],"wp:term":[{"taxonomy":"category","embeddable":true,"href":"https:\/\/derechosinfronteras.pe\/ingles\/wp-json\/wp\/v2\/categories?post=4831"},{"taxonomy":"post_tag","embeddable":true,"href":"https:\/\/derechosinfronteras.pe\/ingles\/wp-json\/wp\/v2\/tags?post=4831"}],"curies":[{"name":"wp","href":"https:\/\/api.w.org\/{rel}","templated":true}]}}